{"id":1005,"date":"2018-07-10T10:27:49","date_gmt":"2018-07-10T09:27:49","guid":{"rendered":"http:\/\/alternative2017.eu\/?p=1005"},"modified":"2018-07-10T10:27:49","modified_gmt":"2018-07-10T09:27:49","slug":"congres-2017-2018-contrat-quinquennal-2018-2022","status":"publish","type":"post","link":"https:\/\/alternative2017.eu\/index.php\/2018\/07\/10\/congres-2017-2018-contrat-quinquennal-2018-2022\/","title":{"rendered":"Congr\u00e8s 2017\/2018 : Contrat quinquennal 2018-2022"},"content":{"rendered":"<p><span style=\"font-weight: 400;\">Le Congr\u00e8s a r\u00e9uni les \u00e9lus des trois conseils centraux (CA, CR et CFVU) le 2 juillet 2018. La pr\u00e9sidence y a pr\u00e9sent\u00e9 le <\/span><a href=\"http:\/\/alternative2017.eu\/wp-content\/uploads\/2018\/07\/Point-3-contrat-quinquennal-2018-2022.zip\"><span style=\"font-weight: 400;\">Contrat quinquennal 2018-2022<\/span><\/a><span style=\"font-weight: 400;\">. <\/span><\/p>\n<p><span style=\"font-weight: 400;\">Ce contrat confirme\u00a0<\/span><a href=\"http:\/\/alternative2017.eu\/index.php\/2017\/09\/26\/analyse-du-projet-de-contrat-de-site-alsacien-2018-2022\/\"><span style=\"font-weight: 400;\">notre analyse du contrat de site 2018-2022<\/span><\/a><span style=\"font-weight: 400;\"> et y ajoute une annexe \u201c<\/span><a href=\"http:\/\/alternative2017.eu\/wp-content\/uploads\/2018\/07\/point3annexe4-indic_site_vague_C_V5.pdf\"><span style=\"font-weight: 400;\">Indicateurs et cibles de performance de l\u2019Universit\u00e9 de Strasbourg<\/span><\/a><span style=\"font-weight: 400;\">\u201d. On y trouve de nombreux indicateurs sur nos missions : taux de r\u00e9ussite en licence, taux d\u2019obtention des DUT, Master et doctorat, insertion professionnelle, \u00e9valuation des formations et des enseignements\u2026 Mais aussi des indicateurs politiques : endorecrutement des enseignants-chercheurs, d\u00e9veloppement de la formation continue, de\u0301veloppement des ressources propres hors subventions pour charges de service public, taux d\u2019occupation des locaux, ou encore \u00e9volution des surfaces immobili\u00e8res.<\/span><\/p>\n<p><span style=\"font-weight: 400;\">Ces diff\u00e9rents indicateurs ne sont pas neutres. Loin de ne proposer qu\u2019une mesure de nos missions, ils les transforment, sans que jamais leur choix et leur pertinence n\u2019aient \u00e9t\u00e9 discut\u00e9s et adopt\u00e9s collectivement. <\/span><\/p>\n<h2><b>Un exemple : la r\u00e9ussite \u00e9tudiante<\/b><\/h2>\n<p><span style=\"font-weight: 400;\">Nous mesurons la r\u00e9ussite des \u00e9tudiants uniquement par le taux de diplomation, sans jamais mesurer les conditions d\u2019\u00e9tudes ou les exigences p\u00e9dagogiques. En r\u00e9alit\u00e9, nous prenons ainsi le d\u00e9cision de baisser les seconds pour am\u00e9liorer le premier. <\/span><\/p>\n<p><span style=\"font-weight: 400;\">Le taux d\u2019encadrement est ainsi pass\u00e9 de 22 \u00e9tudiants par enseignants titulaires en 2010 \u00e0 29 en 2017, soit 30% d\u2019augmentation\u2026 Sans jamais \u00eatre mesur\u00e9 puisque cet indicateur ne fait pas partie des documents strat\u00e9giques de notre universit\u00e9. Il pourtant facile \u00e0 calculer.<\/span><\/p>\n<h2><b>La gouvernance par les nombres<\/b><\/h2>\n<p><span style=\"font-weight: 400;\">Dernier mot \u00e0 Alain Supiot <em>in<\/em> \u00ab\u00a0La gouvernance par les nombres\u00a0\u00bb, Cours au Coll\u00e8ge de France 2012-2014, Fayard, 2015 : <\/span><\/p>\n<blockquote><p><em><span style=\"font-weight: 400;\">La raison du pouvoir n\u2019est plus recherch\u00e9e dans une instance souveraine transcendant la soci\u00e9t\u00e9, mais dans des normes inh\u00e9rentes \u00e0 son bon fonctionnement. Prosp\u00e8re sur ces bases un nouvel id\u00e9al normatif, qui vise la r\u00e9alisation efficace d\u2019objectifs mesurables plut\u00f4t que l\u2019ob\u00e9issance \u00e0 des lois justes. Mais d\u00e8s lors que leur s\u00e9curit\u00e9 n\u2019est pas garantie par une loi s\u2019appliquant \u00e9galement \u00e0 tous, les hommes n\u2019ont plus d\u2019autre issue que de faire all\u00e9geance \u00e0 plus fort qu\u2019eux. Radicalisant l\u2019aspiration \u00e0 un pouvoir impersonnel, qui caract\u00e9risait d\u00e9j\u00e0 l\u2019affirmation du r\u00e8gne de la loi, la gouvernance par les nombres donne ainsi paradoxalement le jour \u00e0 un monde domin\u00e9 par les liens d\u2019all\u00e9geance<\/span><\/em><\/p><\/blockquote>\n","protected":false},"excerpt":{"rendered":"<p>Le Congr\u00e8s a r\u00e9uni les \u00e9lus des trois conseils centraux (CA, CR et CFVU) le 2 juillet 2018. La pr\u00e9sidence y a pr\u00e9sent\u00e9 le Contrat quinquennal 2018-2022. Ce contrat confirme\u00a0notre analyse du contrat de site 2018-2022 et y ajoute une annexe \u201cIndicateurs et cibles de performance de l\u2019Universit\u00e9 de Strasbourg\u201d. On y trouve de nombreux [&hellip;]<\/p>\n","protected":false},"author":1,"featured_media":0,"comment_status":"open","ping_status":"open","sticky":false,"template":"","format":"standard","meta":{"jetpack_post_was_ever_published":false,"_jetpack_newsletter_access":"","_jetpack_dont_email_post_to_subs":false,"_jetpack_newsletter_tier_id":0,"footnotes":""},"categories":[6,8,14,7],"tags":[],"jetpack_featured_media_url":"","jetpack_sharing_enabled":true,"jetpack_shortlink":"https:\/\/wp.me\/p85Sjy-gd","jetpack_likes_enabled":true,"_links":{"self":[{"href":"https:\/\/alternative2017.eu\/index.php\/wp-json\/wp\/v2\/posts\/1005"}],"collection":[{"href":"https:\/\/alternative2017.eu\/index.php\/wp-json\/wp\/v2\/posts"}],"about":[{"href":"https:\/\/alternative2017.eu\/index.php\/wp-json\/wp\/v2\/types\/post"}],"author":[{"embeddable":true,"href":"https:\/\/alternative2017.eu\/index.php\/wp-json\/wp\/v2\/users\/1"}],"replies":[{"embeddable":true,"href":"https:\/\/alternative2017.eu\/index.php\/wp-json\/wp\/v2\/comments?post=1005"}],"version-history":[{"count":3,"href":"https:\/\/alternative2017.eu\/index.php\/wp-json\/wp\/v2\/posts\/1005\/revisions"}],"predecessor-version":[{"id":1008,"href":"https:\/\/alternative2017.eu\/index.php\/wp-json\/wp\/v2\/posts\/1005\/revisions\/1008"}],"wp:attachment":[{"href":"https:\/\/alternative2017.eu\/index.php\/wp-json\/wp\/v2\/media?parent=1005"}],"wp:term":[{"taxonomy":"category","embeddable":true,"href":"https:\/\/alternative2017.eu\/index.php\/wp-json\/wp\/v2\/categories?post=1005"},{"taxonomy":"post_tag","embeddable":true,"href":"https:\/\/alternative2017.eu\/index.php\/wp-json\/wp\/v2\/tags?post=1005"}],"curies":[{"name":"wp","href":"https:\/\/api.w.org\/{rel}","templated":true}]}}