{"id":1019,"date":"2018-07-10T13:15:54","date_gmt":"2018-07-10T12:15:54","guid":{"rendered":"http:\/\/alternative2017.eu\/?p=1019"},"modified":"2018-07-10T13:15:54","modified_gmt":"2018-07-10T12:15:54","slug":"revue-de-presse-10-07-2018","status":"publish","type":"post","link":"https:\/\/alternative2017.eu\/index.php\/2018\/07\/10\/revue-de-presse-10-07-2018\/","title":{"rendered":"Revue de presse &#8211; 10\/07\/2018"},"content":{"rendered":"<h3><b>Universit\u00e9 de Strasbourg<\/b><\/h3>\n<ul>\n<li style=\"font-weight: 400;\"><a href=\"http:\/\/cache.media.enseignementsup-recherche.gouv.fr\/file\/diagnostic_2018\/70\/6\/Strater_Strasbourg2018_965706.pdf\"><span style=\"font-weight: 400;\">Strater Diagnostic territorial Universit\u00e9 de Strasbourg 2018<\/span><\/a><\/li>\n<\/ul>\n<p>&nbsp;<\/p>\n<ul>\n<li><a href=\"https:\/\/www.infocatho.fr\/on-peut-etre-pretre-et-president-duniversite\/\"><span style=\"font-weight: 400;\">Pas d&rsquo;incompatibilit\u00e9 entre la fonction de pr\u00e9sident d&rsquo;universit\u00e9 et l&rsquo;exercice du sacerdoce &#8211; InfoCatho<\/span><\/a><\/li>\n<li style=\"font-weight: 400;\"><a href=\"https:\/\/www.humanite.fr\/education-parcoursup-un-comite-de-suivi-bien-oriente-657579\"><span style=\"font-weight: 400;\">\u00c9ducation. Parcoursup\u2009: un comit\u00e9 de suivi bien orient\u00e9 | L&rsquo;Humanit\u00e9<\/span><\/a><\/li>\n<\/ul>\n<p>&nbsp;<\/p>\n<ul>\n<li style=\"font-weight: 400;\"><a href=\"https:\/\/www.20minutes.fr\/strasbourg\/2293835-20180621-strasbourg-animateur-frederic-lopez-actrice-marion-cotillard-viendront-parler-meditation\"><span style=\"font-weight: 400;\">Strasbourg: L&rsquo;animateur Fr\u00e9d\u00e9ric Lopez ou l&rsquo;actrice Marion Cotillard viendront parler m\u00e9ditation<\/span><\/a><\/li>\n<li style=\"font-weight: 400;\"><a href=\"https:\/\/www.tchapp.alsace\/articles\/decouvertes\/un-colloque-sur-la-m%C3%A9ditation-%C3%A0-strasbourg.html\"><span style=\"font-weight: 400;\">Marion Cotillard vient \u00e0 Strasbourg nous parler m\u00e9ditation<\/span><\/a><\/li>\n<li style=\"font-weight: 400;\"><a href=\"https:\/\/pokaa-strasbourg.fr\/2018\/06\/28\/celebrites-et-meditation-strasbourg-prend-sa-claque-de-zenitude\/\"><span style=\"font-weight: 400;\">C\u00e9l\u00e9brit\u00e9s et m\u00e9ditation : Strasbourg prend sa claque de zenitude \u2013 Pokaa<\/span><\/a><\/li>\n<\/ul>\n<p>&nbsp;<\/p>\n<ul>\n<li style=\"font-weight: 400;\"><a href=\"https:\/\/www.pratique.fr\/actu\/sciences-insolites-2-bretzels-envoyes-dans-l-espace-5405901.html\"><span style=\"font-weight: 400;\">Sciences insolites : 2 bretzels envoy\u00e9s dans l&rsquo;espace | Pratique.fr<\/span><\/a><\/li>\n<li style=\"font-weight: 400;\"><a href=\"http:\/\/www.telecom-physique.fr\/actualites\/actualite\/news\/visite-privee-recherche-pour-nos-partenaires-entreprises\/\"><span style=\"font-weight: 400;\">Visite priv\u00e9e \u00ab\u00a0recherche\u00a0\u00bb pour nos partenaires entreprises &#8211; T\u00e9l\u00e9com Physique Strasbourg &#8211; Universit\u00e9 de Strasbourg<\/span><\/a><\/li>\n<\/ul>\n<h3><b>R\u00e9formes<\/b><\/h3>\n<ul>\n<li style=\"font-weight: 400;\"><a href=\"https:\/\/www.letudiant.fr\/educpros\/actualite\/le-nouvel-arrete-licence-prendra-effet-a-la-rentree-2019.html\"><span style=\"font-weight: 400;\">Exclusif. Le nouvel arr\u00eat\u00e9 licence prendra effet au plus tard \u00e0 la rentr\u00e9e 2019 &#8211; Educpros<\/span><\/a><\/li>\n<li style=\"font-weight: 400;\"><a href=\"https:\/\/www.lemonde.fr\/campus\/article\/2018\/06\/26\/rattrapages-et-compensation-des-notes-ne-seront-plus-obligatoires-en-licence_5321369_4401467.html\"><span style=\"font-weight: 400;\">Rattrapages et compensation des notes ne seront plus obligatoires en licence<\/span><\/a><\/li>\n<li style=\"font-weight: 400;\"><a href=\"https:\/\/www.letudiant.fr\/etudes\/fac\/universite-les-grands-changements-qui-vont-chambouler-la-licence.html\"><span style=\"font-weight: 400;\">Universit\u00e9 : les grandes nouveaut\u00e9s qui vont chambouler la licence &#8211; L&rsquo;Etudiant<\/span><\/a><\/li>\n<li style=\"font-weight: 400;\"><a href=\"https:\/\/www.letudiant.fr\/educpros\/actualite\/politique-de-site-l-assemblee-nationale-modifie-le-projet-de-loi.html\"><span style=\"font-weight: 400;\">Politique de site : l&rsquo;Assembl\u00e9e nationale pr\u00e9cise le futur statut des \u00e9tablissements &#8211; Educpros<\/span><\/a><\/li>\n<\/ul>\n<p>&nbsp;<\/p>\n<ul>\n<li style=\"font-weight: 400;\"><a href=\"https:\/\/www.acteurspublics.com\/2018\/06\/26\/le-sujet-des-mobilites-et-des-plans-de-departs-volontaires-revient-sur-le-tapis\"><span style=\"font-weight: 400;\">Le sujet des mobilit\u00e9s et des plans de d\u00e9parts volontaires revient sur le tapis &#8211; Acteurs publics<\/span><\/a><\/li>\n<li style=\"font-weight: 400;\"><a href=\"http:\/\/www.education.gouv.fr\/cid131635\/projets-d-ajustement-et-de-clarification-des-programmes-de-quatre-enseignements-pour-la-scolarite-obligatoire.html\"><span style=\"font-weight: 400;\">Projets d&rsquo;ajustement et de clarification des programmes de quatre enseignements pour la scolarit\u00e9 obligatoire &#8211; Minist\u00e8re de l&rsquo;\u00c9ducation nationale<\/span><\/a><\/li>\n<\/ul>\n<p>&nbsp;<\/p>\n<ul>\n<li style=\"font-weight: 400;\"><a href=\"https:\/\/www.letudiant.fr\/educpros\/actualite\/parcoursup-absence-hierarchisation-voeux-grave-marbre.html\"><span style=\"font-weight: 400;\">Parcoursup : l&rsquo;absence de hi\u00e9rarchisation des v\u0153ux grav\u00e9e dans le marbre &#8211; Educpros<\/span><\/a><\/li>\n<li style=\"font-weight: 400;\"><a href=\"https:\/\/www.letudiant.fr\/educpros\/actualite\/parcoursup-a-quand-decollage.html\"><span style=\"font-weight: 400;\">Parcoursup : \u00e0 quand le d\u00e9collage ? &#8211; Educpros<\/span><\/a><\/li>\n<li style=\"font-weight: 400;\"><a href=\"https:\/\/www.lemonde.fr\/les-decodeurs\/article\/2018\/06\/18\/parcoursup-plus-efficace-qu-apb-la-comparaison-bancale-de-la-ministre-frederique-vidal_5317087_4355770.html?utm_term=Autofeed&amp;utm_campaign=Echobox&amp;utm_medium=Social&amp;utm_source=Twitter#Echobox=1529327604\"><span style=\"font-weight: 400;\">Parcoursup plus efficace qu\u2019APB ? La comparaison bancale de la ministre Fr\u00e9d\u00e9rique Vidal<\/span><\/a><\/li>\n<li style=\"font-weight: 400;\"><a href=\"https:\/\/www.ouest-france.fr\/bretagne\/rennes-35000\/parcoursup-les-ecoles-privees-attirent-les-nombreux-indecis-5846394\"><span style=\"font-weight: 400;\">Parcoursup. Les \u00e9coles priv\u00e9es attirent les nombreux ind\u00e9cis<\/span><\/a><\/li>\n<li style=\"font-weight: 400;\"><a href=\"http:\/\/www.lepoint.fr\/societe\/parcoursup-170-000-jeunes-en-attente-demarrage-de-la-phase-complementaire-26-06-2018-2230600_23.php\"><span style=\"font-weight: 400;\">Parcoursup: 170.000 jeunes sans \u00ab\u00a0oui\u00a0\u00bb, d\u00e9marrage de la phase compl\u00e9mentaire &#8211; Le Point<\/span><\/a><\/li>\n<li style=\"font-weight: 400;\"><a href=\"https:\/\/www.nouvelobs.com\/education\/20180614.OBS8179\/parcoursup-comment-les-ecoles-privees-surfent-sur-l-inquietude-des-lyceens.html\"><span style=\"font-weight: 400;\">Parcoursup : comment les \u00e9coles priv\u00e9es surfent sur l&rsquo;inqui\u00e9tude des lyc\u00e9ens<\/span><\/a><\/li>\n<li style=\"font-weight: 400;\"><a href=\"https:\/\/www.marianne.net\/societe\/apres-parcoursup-le-projet-de-reforme-de-la-licence-va-t-il-creer-une-universite-deux\"><span style=\"font-weight: 400;\">Apr\u00e8s Parcoursup, le projet de r\u00e9forme de la licence fait craindre une universit\u00e9 \u00e0 deux vitesses<\/span><\/a><\/li>\n<li style=\"font-weight: 400;\"><a href=\"http:\/\/www.paris-normandie.fr\/actualites\/societe\/education\/le-president-de-l-universite-de-rouen-revient-sur-parcoursup-et-ses-limites-NB13305679\"><span style=\"font-weight: 400;\">Le pr\u00e9sident de l\u2019universit\u00e9 de Rouen revient sur Parcoursup et ses limites<\/span><\/a><\/li>\n<li style=\"font-weight: 400;\"><a href=\"https:\/\/www.sudouest.fr\/2018\/07\/06\/video-agen-elle-rate-son-bac-volontairement-pour-protester-contre-parcoursup-5210543-3603.php\"><span style=\"font-weight: 400;\">Vid\u00e9o. Agen: elle rate son bac volontairement pour protester contre Parcoursup &#8211; Sud Ouest.fr<\/span><\/a><\/li>\n<li style=\"font-weight: 400;\"><a href=\"http:\/\/www.leparisien.fr\/societe\/les-classes-prepas-s-inquietent-de-la-lenteur-de-parcoursup-08-07-2018-7812456.php#xtor=AD-1481423554\"><span style=\"font-weight: 400;\">Les classes pr\u00e9pas s\u2019inqui\u00e8tent de la lenteur de Parcoursup &#8211; Le Parisien<\/span><\/a><\/li>\n<li style=\"font-weight: 400;\"><a href=\"http:\/\/www.europe1.fr\/societe\/parcoursup-les-effectifs-en-prepa-seulement-remplis-a-50-3706460\"><span style=\"font-weight: 400;\">Parcoursup : les effectifs en pr\u00e9pa seulement remplis \u00e0 50%<\/span><\/a><\/li>\n<li style=\"font-weight: 400;\"><a href=\"https:\/\/www.letudiant.fr\/etudes\/parcoursup\/parcoursup-encore-35-insatisfaits-apres-les-resultats-du-bac.html\"><span style=\"font-weight: 400;\">Parcoursup : encore 35 % d&rsquo;insatisfaits apr\u00e8s les r\u00e9sultats du bac &#8211; Parcoursup 2018 (Ex APB) &#8211; L&rsquo;Etudiant<\/span><\/a><\/li>\n<\/ul>\n<h3><b>Tribunes<\/b><\/h3>\n<ul>\n<li style=\"font-weight: 400;\"><a href=\"https:\/\/usbeketrica.com\/article\/les-algorithmes-servent-de-palliatifs-a-l-empathie\"><span style=\"font-weight: 400;\">\u00ab Les algorithmes servent de palliatifs \u00e0 l\u2019empathie \u00bb<\/span><\/a><\/li>\n<li style=\"font-weight: 400;\"><a href=\"https:\/\/www.challenges.fr\/economie\/positive-economy-forum\/les-lecons-d-esther-duflo-a-la-ministre-de-l-enseignement-superieur-frederique-vidal-sur-parcoursup_597864\"><span style=\"font-weight: 400;\">Les le\u00e7ons d\u2019Esther Duflo \u00e0 la ministre de l\u2019Enseignement sup\u00e9rieur Fr\u00e9d\u00e9rique Vidal sur Parcoursup. &#8211; Challenges.fr<\/span><\/a><\/li>\n<li style=\"font-weight: 400;\"><a href=\"http:\/\/universites2024.fr\/innovation-vs-innovation-de-rupture-les-pouvoirs-publics-font-ils-fausse-route\/\"><span style=\"font-weight: 400;\">Innovation vs innovation de rupture : les pouvoirs publics font-ils fausse route ? &#8211; Universit\u00e9s 2024<\/span><\/a><\/li>\n<li style=\"font-weight: 400;\"><a href=\"https:\/\/www.lemonde.fr\/idees\/article\/2018\/06\/18\/monique-canto-sperber-parcoursup-se-limite-a-assurer-la-reussite-des-bons-candidats_5316790_3232.html\"><span style=\"font-weight: 400;\">Monique Canto-Sperber : \u00ab Parcoursup se limite \u00e0 assurer la r\u00e9ussite des bons candidats \u00bb<\/span><\/a><\/li>\n<li style=\"font-weight: 400;\"><a href=\"https:\/\/www.second-glance.fr\/2018\/04\/11\/apb-et-parcoursup-pourquoi-deux-algorithmes-differents\/\"><span style=\"font-weight: 400;\">APB et Parcoursup : pourquoi deux algorithmes diff\u00e9rents ? \u2013 Second Glance<\/span><\/a><\/li>\n<li style=\"font-weight: 400;\"><a href=\"https:\/\/www.franceinter.fr\/emissions\/les-dernieres-fois\/les-dernieres-fois-30-juin-2018\"><span style=\"font-weight: 400;\">Alexis a renonc\u00e9 \u00e0 ses charges administratives d&rsquo;enseignant-chercheur<\/span><\/a><\/li>\n<\/ul>\n<h3><b>Evolution de l&rsquo;enseignement<\/b><\/h3>\n<ul>\n<li style=\"font-weight: 400;\"><a href=\"https:\/\/www.lemonde.fr\/campus\/article\/2018\/06\/21\/reussite-en-licence-le-passe-scolaire-joue-plus-que-l-origine-sociale_5319187_4401467.html?utm_term=Autofeed&amp;utm_campaign=Echobox&amp;utm_medium=Social&amp;utm_source=Twitter#Echobox=1529619066\"><span style=\"font-weight: 400;\">R\u00e9ussite en licence : \u00ab Le pass\u00e9 scolaire joue plus que l\u2019origine sociale \u00bb<\/span><\/a><\/li>\n<li style=\"font-weight: 400;\"><a href=\"http:\/\/www.cnews.fr\/france\/2018-06-22\/vers-une-reduction-du-nombre-de-jours-des-vacances-scolaires-786155\"><span style=\"font-weight: 400;\">Vers une r\u00e9duction du nombre de jours des vacances scolaires ? | www.cnews.fr<\/span><\/a><\/li>\n<li style=\"font-weight: 400;\"><a href=\"https:\/\/cfdt.imt.fr\/IMG\/pdf\/declaration-intersyndicale-newuni.pdf\"><span style=\"font-weight: 400;\">declaration-intersyndicale-newuni<\/span><\/a><\/li>\n<li style=\"font-weight: 400;\"><a href=\"https:\/\/www.letudiant.fr\/educpros\/actualite\/edtech-le-marche-scolaire-et-parascolaire-francais-evalue-a-89-millions-d-euros.html\"><span style=\"font-weight: 400;\">EdTech : le march\u00e9 scolaire et parascolaire fran\u00e7ais \u00e9valu\u00e9 \u00e0 89 millions d\u2019euros &#8211; Educpros<\/span><\/a><\/li>\n<li style=\"font-weight: 400;\"><a href=\"https:\/\/start.lesechos.fr\/continuer-etudes\/vie-etudiante\/pourquoi-les-diplomes-des-grandes-ecoles-boudent-le-doctorat-12251.php\"><span style=\"font-weight: 400;\">Pourquoi les dipl\u00f4m\u00e9s des grandes \u00e9coles boudent le doctorat &#8211; Les Echos Start<\/span><\/a><\/li>\n<li style=\"font-weight: 400;\"><a href=\"http:\/\/www.liberation.fr\/debats\/2018\/06\/21\/en-mathematiques-les-filles-restent-des-inconnues_1660876\"><span style=\"font-weight: 400;\">En math\u00e9matiques, les filles restent des inconnues &#8211; Lib\u00e9ration<\/span><\/a><\/li>\n<li style=\"font-weight: 400;\"><a href=\"https:\/\/theconversation.com\/le-statut-detudiant-entrepreneur-a-lepreuve-des-faits-96964\"><span style=\"font-weight: 400;\">Le statut d\u2019\u00e9tudiant-entrepreneur \u00e0 l\u2019\u00e9preuve des faits<\/span><\/a><\/li>\n<li style=\"font-weight: 400;\"><a href=\"http:\/\/www.lepoint.fr\/bac\/bac-2018-consignes-pressions-menaces-comment-on-gonfle-les-notes-du-bac-18-06-2018-2228044_3585.php\"><span style=\"font-weight: 400;\">Bac 2018 &#8211; Consignes, pressions, menaces : comment on gonfle les notes du bac &#8211; Le Point<\/span><\/a><\/li>\n<li style=\"font-weight: 400;\"><a href=\"http:\/\/etudiant.lefigaro.fr\/bac\/bac-actu\/detail\/article\/bac-le-coup-de-sang-des-professeurs-de-physique-chimie-16219\/\"><span style=\"font-weight: 400;\">Bac : le coup de sang des professeurs de physique-chimie &#8211; Le Figaro Etudiant<\/span><\/a><\/li>\n<li style=\"font-weight: 400;\"><a href=\"https:\/\/histoiresduniversites.wordpress.com\/2018\/07\/05\/iut-des-places-supplementaires\/\"><span style=\"font-weight: 400;\">IUT : des places suppl\u00e9mentaires ? | Histoires d&rsquo;universit\u00e9s<\/span><\/a><\/li>\n<\/ul>\n<h3><b>Evolution des \u00e9tablissements<\/b><\/h3>\n<ul>\n<li style=\"font-weight: 400;\"><a href=\"https:\/\/theconversation.com\/quand-les-chercheurs-se-liberent-des-revues-scientifiques-au-cout-exorbitant-97355?utm_source=twitter&amp;utm_medium=twitterbutton\"><span style=\"font-weight: 400;\">Quand les chercheurs se lib\u00e8rent des revues scientifiques au co\u00fbt exorbitant<\/span><\/a><\/li>\n<li style=\"font-weight: 400;\"><a href=\"http:\/\/orientation.blog.lemonde.fr\/2018\/06\/22\/presidents-duniversite-et-directeurs-de-grandes-ecoles-quel-a-ete-leur-theme-de-doctorat\/\"><span style=\"font-weight: 400;\">Pr\u00e9sidents d\u2019universit\u00e9 et directeurs de grandes \u00e9coles: quel a \u00e9t\u00e9 leur th\u00e8me de doctorat? | Il y a une vie apr\u00e8s le bac !<\/span><\/a><\/li>\n<li style=\"font-weight: 400;\"><a href=\"http:\/\/www.xerfi-precepta-strategiques-tv.com\/emission\/Adrien-de-Tricornot-Adrien-de-Tricornot-Financiarisation-de-l-enseignement-superieur-classements-et-journalisme-7623_3745963.html\"><span style=\"font-weight: 400;\">Adrien de Tricornot, Le Monde &#8211; Que valent les classements des \u00e9coles de commerce ? &#8211; Fen\u00eatres ouvertes sur la gestion &#8211; xerfi-precepta-strategiques-tv.com<\/span><\/a><\/li>\n<li style=\"font-weight: 400;\"><a href=\"http:\/\/universites2024.fr\/x-et-centralesupelec-et-mit-les-limites-de-lentre-soi-des-2-fleurons-des-grandes-ecoles\/\"><span style=\"font-weight: 400;\">X et CentraleSup\u00e9lec&#8230;et MIT : les limites de l&rsquo;entre-soi des 2 fleurons des Grandes \u00e9coles &#8211; Universit\u00e9s 2024<\/span><\/a><\/li>\n<li style=\"font-weight: 400;\"><a href=\"https:\/\/www.monde-diplomatique.fr\/2018\/06\/KAHLENBERG\/58772\"><span style=\"font-weight: 400;\">Comment papa m\u2019a fait entrer \u00e0 Harvard, par Richard D. Kahlenberg (Le Monde diplomatique, juin 2018)<\/span><\/a><\/li>\n<li style=\"font-weight: 400;\"><a href=\"https:\/\/www.lemonde.fr\/campus\/article\/2018\/07\/02\/condamne-a-fermer-sa-formation-de-kine-en-france-le-clesi-continue-de-recruter_5324474_4401467.html\"><span style=\"font-weight: 400;\">Condamn\u00e9 \u00e0 fermer sa formation de kin\u00e9 en France, le Clesi continue de recruter<\/span><\/a><\/li>\n<li style=\"font-weight: 400;\"><a href=\"https:\/\/www.lemonde.fr\/campus\/article\/2018\/07\/02\/les-bacheliers-etrangers-optent-de-moins-en-moins-pour-des-etudes-en-france_5324780_4401467.html?utm_term=Autofeed&amp;utm_campaign=Echobox&amp;utm_medium=Social&amp;utm_source=Twitter#Echobox=1530570040\"><span style=\"font-weight: 400;\">Les bacheliers \u00e9trangers optent de moins en moins pour des \u00e9tudes en France<\/span><\/a><\/li>\n<\/ul>\n","protected":false},"excerpt":{"rendered":"<p>Universit\u00e9 de Strasbourg Strater Diagnostic territorial Universit\u00e9 de Strasbourg 2018 &nbsp; Pas d&rsquo;incompatibilit\u00e9 entre la fonction de pr\u00e9sident d&rsquo;universit\u00e9 et l&rsquo;exercice du sacerdoce &#8211; InfoCatho \u00c9ducation. Parcoursup\u2009: un comit\u00e9 de suivi bien orient\u00e9 | L&rsquo;Humanit\u00e9 &nbsp; Strasbourg: L&rsquo;animateur Fr\u00e9d\u00e9ric Lopez ou l&rsquo;actrice Marion Cotillard viendront parler m\u00e9ditation Marion Cotillard vient \u00e0 Strasbourg nous parler m\u00e9ditation [&hellip;]<\/p>\n","protected":false},"author":1,"featured_media":0,"comment_status":"open","ping_status":"open","sticky":false,"template":"","format":"standard","meta":{"jetpack_post_was_ever_published":false,"_jetpack_newsletter_access":"","_jetpack_dont_email_post_to_subs":false,"_jetpack_newsletter_tier_id":0,"footnotes":""},"categories":[11],"tags":[],"jetpack_featured_media_url":"","jetpack_sharing_enabled":true,"jetpack_shortlink":"https:\/\/wp.me\/p85Sjy-gr","jetpack_likes_enabled":true,"_links":{"self":[{"href":"https:\/\/alternative2017.eu\/index.php\/wp-json\/wp\/v2\/posts\/1019"}],"collection":[{"href":"https:\/\/alternative2017.eu\/index.php\/wp-json\/wp\/v2\/posts"}],"about":[{"href":"https:\/\/alternative2017.eu\/index.php\/wp-json\/wp\/v2\/types\/post"}],"author":[{"embeddable":true,"href":"https:\/\/alternative2017.eu\/index.php\/wp-json\/wp\/v2\/users\/1"}],"replies":[{"embeddable":true,"href":"https:\/\/alternative2017.eu\/index.php\/wp-json\/wp\/v2\/comments?post=1019"}],"version-history":[{"count":1,"href":"https:\/\/alternative2017.eu\/index.php\/wp-json\/wp\/v2\/posts\/1019\/revisions"}],"predecessor-version":[{"id":1020,"href":"https:\/\/alternative2017.eu\/index.php\/wp-json\/wp\/v2\/posts\/1019\/revisions\/1020"}],"wp:attachment":[{"href":"https:\/\/alternative2017.eu\/index.php\/wp-json\/wp\/v2\/media?parent=1019"}],"wp:term":[{"taxonomy":"category","embeddable":true,"href":"https:\/\/alternative2017.eu\/index.php\/wp-json\/wp\/v2\/categories?post=1019"},{"taxonomy":"post_tag","embeddable":true,"href":"https:\/\/alternative2017.eu\/index.php\/wp-json\/wp\/v2\/tags?post=1019"}],"curies":[{"name":"wp","href":"https:\/\/api.w.org\/{rel}","templated":true}]}}