{"id":1113,"date":"2019-01-13T20:39:11","date_gmt":"2019-01-13T19:39:11","guid":{"rendered":"http:\/\/alternative2017.eu\/?p=1113"},"modified":"2019-01-13T23:04:57","modified_gmt":"2019-01-13T22:04:57","slug":"revue-de-presse-13-01-2019","status":"publish","type":"post","link":"https:\/\/alternative2017.eu\/index.php\/2019\/01\/13\/revue-de-presse-13-01-2019\/","title":{"rendered":"Revue de presse 13\/01\/2019"},"content":{"rendered":"\n<h3 class=\"wp-block-heading\"><strong>Universit\u00e9 de Strasbourg<\/strong><\/h3>\n\n\n\n<ul><li><a href=\"https:\/\/www.dna.fr\/education\/2019\/01\/11\/encore-plus-europeenne\">Strasbourg encore plus europ\u00e9enne en 2019<\/a><\/li><li><a href=\"https:\/\/www.dna.fr\/edition-de-strasbourg\/2019\/01\/11\/soir-du-11-decembre-des-etudiants-traumatises\">Soir du 11\u00a0d\u00e9cembre\u00a0: des \u00e9tudiants traumatis\u00e9s<\/a><\/li><li><a href=\"https:\/\/www.rue89strasbourg.com\/dossiers-bouger-annee-2019-strasbourg-146871\">Les dossiers qui vont bouger en 2019<\/a><\/li><li><a href=\"https:\/\/www.dna.fr\/pour-sortir\/loisirs\/Concert-musique\/Classique\/Alsace\/Bas-rhin\/Strasbourg\/2019\/01\/19\/The-pensant-et-meditation-musicale\">The pensant et Meditation musicale : Concert Classique a Strasbourg<\/a><\/li><li><a href=\"https:\/\/www.dna.fr\/pour-sortir\/loisirs\/Rencontre-conference\/Conferences\/Alsace\/Bas-rhin\/Strasbourg\/2019\/03\/11\/La-premiere-legislature-du-parlement-europeen\">\u00abLa premiere legislature du Parlement europeen\u00bb : Conference a Strasbourg<\/a><\/li><\/ul>\n\n\n\n<h3 class=\"wp-block-heading\"><strong>Publis<\/strong><\/h3>\n\n\n\n<ul><li><a href=\"https:\/\/journals.openedition.org\/rechercheformation\/1499\">Pascal Marquet : e-Learning et conflit instrumental<\/a><\/li><li><a href=\"https:\/\/www.xerficanal.com\/economie\/emission\/Thierry-Burger-Helmchen-Les-grands-auteurs-en-management-de-l-innovation-a-la-creativite-version-integrale_3502.html\">Thierry Burger-Helmchen, Universit\u00e9 de Strasbourg &#8211; Les grands auteurs en management : de l&rsquo;innovation \u00e0 la cr\u00e9ativit\u00e9 &#8211; version int\u00e9grale &#8211; Parole d&rsquo;auteur strat\u00e9gie &#8211; xerficanal.com<\/a><\/li><li><a href=\"https:\/\/theconversation.com\/lintelligence-artificielle-une-artiste-a-part-entiere-107860\">L\u2019intelligence artificielle, une artiste \u00e0 part enti\u00e8re ?<\/a><\/li><\/ul>\n\n\n\n<h3 class=\"wp-block-heading\"><strong>National<\/strong><\/h3>\n\n\n\n<ul><li><a href=\"http:\/\/www.cpu.fr\/actualite\/droits-dinscription-des-etudiants-extra-communautaires-la-conference-des-presidents-duniversite-reaffirme-sa-position\/\">Droits d\u2019inscription des \u00e9tudiants extra-communautaires : la Conf\u00e9rence des pr\u00e9sidents d\u2019universit\u00e9 r\u00e9affirme sa position | CPU &#8211; Conf\u00e9rence des pr\u00e9sidents d&rsquo;universit\u00e9<\/a><\/li><li><a href=\"https:\/\/etudiant.lefigaro.fr\/article\/des-stars-s-opposent-a-la-hausse-des-frais-d-inscription-pour-les-etudiants-non-europeens_ee4ecd40-1258-11e9-830d-78e7d5526521\/?utm_medium=social_lefigaro&amp;utm_source=Twitter#Echobox=1546867275\">Des stars s\u2019opposent \u00e0 la hausse des frais d\u2019inscription pour les \u00e9tudiants non europ\u00e9ens &#8211; Le Figaro Etudiant<\/a><\/li><li><a href=\"https:\/\/twitter.com\/Irnerius\/status\/1084504691768213504\">Dubois Pierre sur Twitter : \u00ab\u00a0Pourquoi 10 ans de blog, \u00e7a suffit : https:\/\/t.co\/KG6bfHT5jo @Gjpvernant @JulienGossa @haiech\u00a0\u00bb<\/a><\/li><\/ul>\n\n\n\n<h3 class=\"wp-block-heading\"><strong>R\u00e9formes<\/strong><\/h3>\n\n\n\n<ul><li><a href=\"http:\/\/www.etudiant.gouv.fr\/cid137734\/alternance-apprentissage-ce-qui-change-avec-la-loi-avenir-professionnel.html\">Alternance \/ Apprentissage : ce qui change avec la loi \u00ab Avenir professionnel \u00bb &#8211; etudiant.gouv.fr<\/a><\/li><li><a href=\"https:\/\/www.aefinfo.fr\/acces-depeche\/598882\">AEF info \u2022 Second degr\u00e9 : le projet de d\u00e9cret sur les deux heures suppl\u00e9mentaires obligatoires sera pr\u00e9sent\u00e9 en CTM le 30 janvier<\/a><\/li><li><a href=\"https:\/\/www.ladepeche.fr\/article\/2019\/01\/07\/2936096-reforme-du-lycee-les-parents-d-eleves-sont-inquiets.html\">R\u00e9forme du lyc\u00e9e : la crainte des parents d&rsquo;\u00e9l\u00e8ves d&rsquo;aboutir \u00e0 \u00ab\u00a0des lyc\u00e9es de seconde zone\u00a0\u00bb &#8211; 07\/01\/2019 &#8211; ladepeche.fr<\/a><\/li><li><a href=\"https:\/\/www.lemonde.fr\/campus\/article\/2019\/01\/09\/orientation-la-voie-du-c-ur-ou-celle-de-la-raison_5406833_4401467.html?utm_medium=Social&amp;utm_source=Twitter#Echobox=1547230193\">Orientation : la voie du c\u0153ur ou celle de la raison ?<\/a><\/li><\/ul>\n\n\n\n<h3 class=\"wp-block-heading\"><strong>Pr\u00e9-Bac<\/strong><\/h3>\n\n\n\n<ul><li><a href=\"https:\/\/etudiant.lefigaro.fr\/article\/admis-au-capes-ils-sont-recales-trois-heures-plus-tard_47f30be8-654b-11e7-826b-3482b7d74d90\/\">Admis au Capes, ils sont recal\u00e9s trois heures plus tard &#8211; Le Figaro Etudiant<\/a><\/li><li><a href=\"https:\/\/www.rtl.fr\/actu\/debats-societe\/video-education-pourquoi-est-il-dorenavant-si-simple-de-devenir-professeur-7796155889\">VID\u00c9O &#8211; \u00c9ducation : pourquoi est-il dor\u00e9navant si simple de devenir professeur ?<\/a><\/li><li><a href=\"https:\/\/actu.fr\/normandie\/beuzeville_27065\/les-professeurs-installent-piquet-greve-devant-college-beuzeville_20755929.html\">Les professeurs installent un piquet de gr\u00e8ve devant le coll\u00e8ge de Beuzeville \u2013 actu.fr<\/a><\/li><li><a href=\"https:\/\/france3-regions.francetvinfo.fr\/occitanie\/tarn\/albi\/gaillac-enseignants-lyceens-se-mobilisent-encore-contre-reforme-du-bac-1604609.html\">Gaillac : enseignants et lyc\u00e9ens se mobilisent (encore) contre la r\u00e9forme du bac &#8211; France 3 Occitanie<\/a><\/li><li><a href=\"https:\/\/www.lemonde.fr\/les-decodeurs\/article\/2019\/01\/10\/mouvement-des-stylos-rouges-pourquoi-les-profs-se-mobilisent-sur-le-point-d-indice_5407369_4355770.html?utm_medium=Social&amp;utm_source=Twitter#Echobox=1547229537\">Mouvement des \u00ab stylos rouges \u00bb : pourquoi les profs se mobilisent sur le point d\u2019indice<\/a><\/li><\/ul>\n\n\n\n<h3 class=\"wp-block-heading\"><strong>Vie des \u00e9tablissements<\/strong><\/h3>\n\n\n\n<ul><li><a href=\"https:\/\/www.inria.fr\/actualite\/actualites-inria\/fondation-inria-donner-du-sens-au-numerique\">Fondation Inria : donner du sens au num\u00e9rique &#8211; Inria<\/a><\/li><li><a href=\"https:\/\/www.midilibre.fr\/2019\/01\/07\/universite-de-nimes-le-nouveau-president-sera-elu-le-22-janvier,7083859.php\">Universit\u00e9 de N\u00eemes : le nouveau pr\u00e9sident sera \u00e9lu le 22 janvier<\/a><\/li><li><a href=\"https:\/\/www.linkedin.com\/pulse\/lenseignement-sup%C3%A9rieur-serait-il-compl%C3%A8tement-%C3%A0-louest-flamand\/\">L&rsquo;enseignement sup\u00e9rieur serait-il compl\u00e8tement \u00e0 l&rsquo;Ouest ?<\/a><\/li><li><a href=\"https:\/\/www.mediacites.fr\/enquete\/2019\/01\/09\/universite-de-lyon-khaled-bouabdallah-le-maitre-a-fusionner-qui-divise\/\">Universit\u00e9 de Lyon : Khaled Bouabdallah, le \u201cma\u00eetre \u00e0 fusionner\u201d qui divise | Mediacit\u00e9s<\/a><\/li><li><a href=\"https:\/\/www.lejdd.fr\/JDD-Paris\/la-prestigieuse-universite-de-chicago-sinstalle-a-paris-3833327\">La prestigieuse universit\u00e9 de Chicago s&rsquo;installe \u00e0 Paris<\/a><\/li><li><a href=\"https:\/\/www.liberation.fr\/france\/2019\/01\/08\/universites-l-excellence-on-sait-faire-c-est-juste-qu-on-a-zero-thune_1701733\">(1) Universit\u00e9s : \u00abL\u2019excellence, on sait faire, c\u2019est juste qu\u2019on a z\u00e9ro thune\u00bb &#8211; Lib\u00e9ration<\/a><\/li><li><a href=\"https:\/\/www.soundofscience.fr\/1626\">CNRS : 80 personnels permanents par an en moins pendant 5 ans &#8211; The Sound Of Science<\/a><\/li><li><a href=\"https:\/\/cgtcampus06.home.blog\/2019\/01\/10\/uca-le-cadeau-empoisonne-de-fin-dannee\/\">UCA. Le cadeau empoisonn\u00e9 de fin d\u2019ann\u00e9e. \u2013 CGT-Campus 06<\/a><\/li><li><a href=\"https:\/\/france3-regions.francetvinfo.fr\/auvergne-rhone-alpes\/puy-de-dome\/clermont-ferrand\/clermont-ferrand-universite-n-appliquera-pas-hausse-frais-inscription-etudiants-etrangers-1605173.html?fbclid=IwAR0_HfpWaNDherR9oHGaLDnCfmjC3YoyeklAwrjRkdlyQj4COAH9L78l2to\">A Clermont-Ferrand, l\u2019universit\u00e9 n\u2019appliquera pas la hausse des frais d&rsquo;inscription pour les \u00e9tudiants \u00e9trangers &#8211; France 3 Auvergne-Rh\u00f4ne-Alpes<\/a><\/li><\/ul>\n\n\n\n<h3 class=\"wp-block-heading\"><strong>Tribunes<\/strong><\/h3>\n\n\n\n<ul><li><a href=\"http:\/\/universites2024.fr\/budget-esr-insuffisant-oui-organisation-aberrante-oui\/\">Budget ESR insuffisant ? Oui. Organisation aberrante ? Oui &#8211; Universit\u00e9s 2024<\/a><\/li><li><a href=\"https:\/\/cahiers.parisdescartes.fr\/fake-news-fake-science-info-intox-infox\/\">Fake news, fake science : info, intox, infox\u2026 \u2013 Les cahiers de l&rsquo;Universit\u00e9 Paris Descartes<\/a><\/li><li><a href=\"https:\/\/www.lemonde.fr\/idees\/article\/2019\/01\/11\/bienvenue-dans-les-universites-francaises_5407906_3232.html\">\u00ab Nommer \u201cBienvenue en France\u201d une \u201cr\u00e9volution\u201d discriminatoire et x\u00e9nophobe \u00e0 l\u2019universit\u00e9 est une bien lourde d\u00e9cision \u00bb<\/a><\/li><\/ul>\n\n\n\n<h3 class=\"wp-block-heading\"><strong>Parcoursup<\/strong><\/h3>\n\n\n\n<ul><li><a href=\"http:\/\/www.mondedesgrandesecoles.fr\/parcoursup-et-business-schools-on-en-est-ou\/\">ParcourSup et business schools : on en est o\u00f9 ?<\/a><\/li><li><a href=\"https:\/\/www.letudiant.fr\/etudes\/parcoursup\/parcoursup-les-nouveautes-de-edition-2019.html\">Parcoursup : les nouveaut\u00e9s de l&rsquo;\u00e9dition 2019 &#8211; Parcoursup 2018 (Ex APB) &#8211; L&rsquo;Etudiant<\/a><\/li><li><a href=\"https:\/\/www.lemonde.fr\/campus\/article\/2019\/01\/09\/orientation-la-voie-du-c-ur-ou-celle-de-la-raison_5406833_4401467.html\">Orientation : la voie du c\u0153ur ou celle de la raison ?<\/a><\/li><li><a href=\"http:\/\/etudiant.aujourdhui.fr\/etudiant\/info\/parcoursup-2019-les-4-nouveautes-de-la-plateforme.html#xtor=AD-1481423553\">Parcoursup 2019 : les 4 nouveaut\u00e9s de la plateforme &#8211; Parcoursup &#8211; Le Parisien Etudiant<\/a><\/li><li><a href=\"https:\/\/www.lemonde.fr\/campus\/article\/2019\/01\/11\/parcoursup-2019-un-nouveau-dispositif-pour-encourager-les-indecis-a-choisir_5407610_4401467.html\">Parcoursup 2019 : un nouveau dispositif pour encourager les ind\u00e9cis \u00e0 choisir<\/a><\/li><\/ul>\n\n\n\n<h3 class=\"wp-block-heading\"><strong>International<\/strong><\/h3>\n\n\n\n<ul><li><a href=\"https:\/\/journals.plos.org\/plosbiology\/article?id=10.1371\/journal.pbio.3000065\">Contest models highlight inherent inefficiencies of scientific funding competitions<\/a><\/li><\/ul>\n","protected":false},"excerpt":{"rendered":"<p>Universit\u00e9 de Strasbourg Strasbourg encore plus europ\u00e9enne en 2019 Soir du 11\u00a0d\u00e9cembre\u00a0: des \u00e9tudiants traumatis\u00e9s Les dossiers qui vont bouger en 2019 The pensant et Meditation musicale : Concert Classique a Strasbourg \u00abLa premiere legislature du Parlement europeen\u00bb : Conference a Strasbourg Publis Pascal Marquet : e-Learning et conflit instrumental Thierry Burger-Helmchen, Universit\u00e9 de Strasbourg [&hellip;]<\/p>\n","protected":false},"author":1,"featured_media":0,"comment_status":"open","ping_status":"open","sticky":false,"template":"","format":"standard","meta":{"jetpack_post_was_ever_published":false,"_jetpack_newsletter_access":"","_jetpack_dont_email_post_to_subs":false,"_jetpack_newsletter_tier_id":0,"footnotes":""},"categories":[11],"tags":[],"jetpack_featured_media_url":"","jetpack_sharing_enabled":true,"jetpack_shortlink":"https:\/\/wp.me\/p85Sjy-hX","jetpack_likes_enabled":true,"_links":{"self":[{"href":"https:\/\/alternative2017.eu\/index.php\/wp-json\/wp\/v2\/posts\/1113"}],"collection":[{"href":"https:\/\/alternative2017.eu\/index.php\/wp-json\/wp\/v2\/posts"}],"about":[{"href":"https:\/\/alternative2017.eu\/index.php\/wp-json\/wp\/v2\/types\/post"}],"author":[{"embeddable":true,"href":"https:\/\/alternative2017.eu\/index.php\/wp-json\/wp\/v2\/users\/1"}],"replies":[{"embeddable":true,"href":"https:\/\/alternative2017.eu\/index.php\/wp-json\/wp\/v2\/comments?post=1113"}],"version-history":[{"count":3,"href":"https:\/\/alternative2017.eu\/index.php\/wp-json\/wp\/v2\/posts\/1113\/revisions"}],"predecessor-version":[{"id":1116,"href":"https:\/\/alternative2017.eu\/index.php\/wp-json\/wp\/v2\/posts\/1113\/revisions\/1116"}],"wp:attachment":[{"href":"https:\/\/alternative2017.eu\/index.php\/wp-json\/wp\/v2\/media?parent=1113"}],"wp:term":[{"taxonomy":"category","embeddable":true,"href":"https:\/\/alternative2017.eu\/index.php\/wp-json\/wp\/v2\/categories?post=1113"},{"taxonomy":"post_tag","embeddable":true,"href":"https:\/\/alternative2017.eu\/index.php\/wp-json\/wp\/v2\/tags?post=1113"}],"curies":[{"name":"wp","href":"https:\/\/api.w.org\/{rel}","templated":true}]}}