{"id":595,"date":"2017-03-26T11:39:50","date_gmt":"2017-03-26T10:39:50","guid":{"rendered":"http:\/\/alternative2017.eu\/?p=595"},"modified":"2017-10-21T13:09:36","modified_gmt":"2017-10-21T12:09:36","slug":"elus-cfvu-alternative-2017","status":"publish","type":"post","link":"https:\/\/alternative2017.eu\/index.php\/2017\/03\/26\/elus-cfvu-alternative-2017\/","title":{"rendered":"Elus CFVU Alternative 2017"},"content":{"rendered":"<\/ol>\n<p><a name=\"CFVU\"><\/a><H3>Commission Formation et Vie Universitaire (CFVU)<\/H3><\/p>\n<ol>\n<\/ol>\n<p><a name=\"CFVUA1\"><\/a><H6>Coll\u00e8ge A1 : Professeurs et personnels assimil\u00e9s, secteur DEG<\/H6><\/p>\n<ol>\n<strong>Thierry Burger-Helmchen<\/strong>, PU en Sciences de gestion<\/br>\n<\/ol>\n<p><a name=\"CFVUA2\"><\/a><H6>Coll\u00e8ge A2 : Professeurs et personnels assimil\u00e9s, secteur LSHS<\/H6><\/p>\n<ol>\n<strong>Sylvain Schirmann<\/strong>, PU en Histoire contemporaine<\/br>\n<\/ol>\n<p><a name=\"CFVUA3\"><\/a><H6>Coll\u00e8ge A3 : Professeurs et personnels assimil\u00e9s, secteur ST<\/H6><\/p>\n<ol>\n<strong>Emmanuel  Caillaud<\/strong>, PU en G\u00e9nie industriel<\/br>\n<\/ol>\n<p><a name=\"CFVUA4\"><\/a><H6>Coll\u00e8ge A4 : Professeurs et personnels assimil\u00e9s, secteur Sant\u00e9<\/H6><\/p>\n<ol>\n<strong>Erik-Andr\u00e9 Sauleau<\/strong>, PU-PH en Biostatistique, informatique m\u00e9dicale et technologies de la communication<\/br>\n<\/ol>\n<p><a name=\"CFVUB1\"><\/a><H6>Coll\u00e8ge B1 : Autres enseignants-chercheurs, enseignants et personnels, secteur DEG<\/H6><\/p>\n<ol>\n<strong>Pascale Peccavy<\/strong>, CDD en Sciences \u00e9conomiques<\/br>\n<\/ol>\n<p><a name=\"CFVUB2\"><\/a><H6>Coll\u00e8ge B2 : Autres enseignants-chercheurs, enseignants et personnels, secteur LSHS<\/H6><\/p>\n<ol>\n<strong>Christian Jacques<\/strong>, MCF en Allemand<\/br>\n<\/ol>\n<p><a name=\"CFVUB3\"><\/a><H6>Coll\u00e8ge B3 : Autres enseignants-chercheurs, enseignants et personnels, secteur ST<\/H6><\/p>\n<ol>\n<strong>Marc Wambst<\/strong>, MCF HDR en Math\u00e9matiques<\/br><\/p>\n","protected":false},"excerpt":{"rendered":"<p>Commission Formation et Vie Universitaire (CFVU) Coll\u00e8ge A1 : Professeurs et personnels assimil\u00e9s, secteur DEG Thierry Burger-Helmchen, PU en Sciences de gestion Coll\u00e8ge A2 : Professeurs et personnels assimil\u00e9s, secteur LSHS Sylvain Schirmann, PU en Histoire contemporaine Coll\u00e8ge A3 : Professeurs et personnels assimil\u00e9s, secteur ST Emmanuel Caillaud, PU en G\u00e9nie industriel Coll\u00e8ge A4 : [&hellip;]<\/p>\n","protected":false},"author":1,"featured_media":0,"comment_status":"open","ping_status":"open","sticky":false,"template":"","format":"standard","meta":{"jetpack_post_was_ever_published":false,"_jetpack_newsletter_access":"","_jetpack_dont_email_post_to_subs":false,"_jetpack_newsletter_tier_id":0,"footnotes":""},"categories":[8,10],"tags":[],"jetpack_featured_media_url":"","jetpack_sharing_enabled":true,"jetpack_shortlink":"https:\/\/wp.me\/p85Sjy-9B","jetpack_likes_enabled":true,"_links":{"self":[{"href":"https:\/\/alternative2017.eu\/index.php\/wp-json\/wp\/v2\/posts\/595"}],"collection":[{"href":"https:\/\/alternative2017.eu\/index.php\/wp-json\/wp\/v2\/posts"}],"about":[{"href":"https:\/\/alternative2017.eu\/index.php\/wp-json\/wp\/v2\/types\/post"}],"author":[{"embeddable":true,"href":"https:\/\/alternative2017.eu\/index.php\/wp-json\/wp\/v2\/users\/1"}],"replies":[{"embeddable":true,"href":"https:\/\/alternative2017.eu\/index.php\/wp-json\/wp\/v2\/comments?post=595"}],"version-history":[{"count":1,"href":"https:\/\/alternative2017.eu\/index.php\/wp-json\/wp\/v2\/posts\/595\/revisions"}],"predecessor-version":[{"id":596,"href":"https:\/\/alternative2017.eu\/index.php\/wp-json\/wp\/v2\/posts\/595\/revisions\/596"}],"wp:attachment":[{"href":"https:\/\/alternative2017.eu\/index.php\/wp-json\/wp\/v2\/media?parent=595"}],"wp:term":[{"taxonomy":"category","embeddable":true,"href":"https:\/\/alternative2017.eu\/index.php\/wp-json\/wp\/v2\/categories?post=595"},{"taxonomy":"post_tag","embeddable":true,"href":"https:\/\/alternative2017.eu\/index.php\/wp-json\/wp\/v2\/tags?post=595"}],"curies":[{"name":"wp","href":"https:\/\/api.w.org\/{rel}","templated":true}]}}