{"id":867,"date":"2017-11-22T11:07:28","date_gmt":"2017-11-22T10:07:28","guid":{"rendered":"http:\/\/alternative2017.eu\/?p=867"},"modified":"2017-11-22T12:12:45","modified_gmt":"2017-11-22T11:12:45","slug":"lettre-dinformation-suite-au-conseil-dadministration-du-14-11-2017","status":"publish","type":"post","link":"https:\/\/alternative2017.eu\/index.php\/2017\/11\/22\/lettre-dinformation-suite-au-conseil-dadministration-du-14-11-2017\/","title":{"rendered":"Lettre d\u2019information suite au Conseil d&rsquo;Administration du 14\/11\/2017"},"content":{"rendered":"<p><span style=\"font-weight: 400;\">Le Conseil d\u2019Administration, r\u00e9uni le 14\/11\/2017, a \u00e9t\u00e9 particuli\u00e8rement long et confus. Il a \u00e9t\u00e9 caract\u00e9ris\u00e9 par une difficult\u00e9 insurmontable de comprendre l\u2019objectif des d\u00e9lib\u00e9rations, comme d\u2019obtenir des r\u00e9ponses \u00e0 des questions pourtant simples et pr\u00e9cises. <\/span><\/p>\n<p><span style=\"font-weight: 400;\">Nous sommes face \u00e0 un inqui\u00e9tant d\u00e9faut de transparence qui emp\u00eache les administrateurs de prendre des d\u00e9cisions en toute connaissance de cause. Objectivement, ce dysfonctionnement est extr\u00eamement dommageable pour l\u2019Universit\u00e9.<\/span><\/p>\n<p><span style=\"font-weight: 400;\">Il est impossible de rendre compte de l\u2019int\u00e9gralit\u00e9 des \u00e9changes qui ont dur\u00e9 presque six heures, c\u2019est pourquoi nous devons nous limiter \u00e0 l\u2019essentiel. Cependant, nous insistons sur le fait que ce que nous d\u00e9crivons n\u2019est ni une mise en avant des points les plus probl\u00e9matiques, ni des passages sortis de leur contexte, mais un \u00e9chantillon repr\u00e9sentatif du travail en s\u00e9ance sur les trois points principaux trait\u00e9s en s\u00e9ance :<\/span><\/p>\n<ol>\n<li style=\"font-weight: 400;\"><span style=\"font-weight: 400;\">R\u00e9int\u00e9gration des actifs ADUEIS-SILABE<\/span><\/li>\n<li style=\"font-weight: 400;\"><span style=\"font-weight: 400;\">Contrat d\u2019Objectifs et de Moyens de l\u2019\u00c9cole de Management<\/span><\/li>\n<li style=\"font-weight: 400;\"><span style=\"font-weight: 400;\">R\u00e9gime d\u2019int\u00e9ressement<\/span><\/li>\n<\/ol>\n<p><span style=\"font-weight: 400;\">Malgr\u00e9 les engagements de M. Deneken pris devant le Conseil du 13 d\u00e9cembre 2016 et malgr\u00e9 nos demandes r\u00e9currentes, nous n\u2019avons toujours pas acc\u00e8s aux listes de diffusion des personnels et pas de rubrique publique dans l\u2019Actu. Aussi, nous vous encourageons \u00e0 diffuser largement notre lettre d\u2019information. <\/span><\/p>\n<p><span style=\"font-weight: 400;\">Nous nous tenons \u00e0 l\u2019enti\u00e8re disposition de toute la communaut\u00e9 pour donner encore plus d\u2019information sur la tenue des CA.<\/span><\/p>\n<h2><b>1. R\u00e9int\u00e9gration des actifs ADUEIS-SILABE<\/b><\/h2>\n<p><span style=\"font-weight: 400;\">L\u2019ADUEIS-SILABE (Association pour le D\u00e9veloppement des liens Universit\u00e9s-Entreprises dans les Industries de Sant\u00e9 &#8211; SImian LABoratory Europe) est l\u2019objet de deux probl\u00e8mes\u00a0: d\u2019une part, son activit\u00e9 est d\u00e9nonc\u00e9e par des associations de protection des animaux\u00a0; d\u2019autre part, la presse a indiqu\u00e9 qu\u2019elle faisait l\u2019objet d\u2019une \u00ab\u00a0<\/span><i><span style=\"font-weight: 400;\">enqu\u00eate judiciaire pour \u201cabus de confiance et autres d\u00e9tournements\u201d\u00a0\u00bb<\/span><\/i><span style=\"font-weight: 400;\"> (voir <\/span><a href=\"http:\/\/www.lemonde.fr\/m-actu\/article\/2017\/11\/07\/a-strasbourg-des-manifestants-reclament-la-fermeture-du-centre-de-primatologie_5211289_4497186.html\"><span style=\"font-weight: 400;\">Le Monde<\/span><\/a><span style=\"font-weight: 400;\"> et <\/span><a href=\"http:\/\/www.rue89strasbourg.com\/le-commerce-de-singes-de-luniversite-de-strasbourg-dans-le-viseur-de-la-justice-125759\"><span style=\"font-weight: 400;\">Rue89Strasbourg<\/span><\/a><span style=\"font-weight: 400;\">). Il nous semblait que ce dossier devait donc \u00eatre trait\u00e9 avec s\u00e9rieux. <\/span><\/p>\n<h3><b>Absence de communication des informations aux administrateurs en temps utile<\/b><\/h3>\n<p><span style=\"font-weight: 400;\">Pourtant, c\u2019est seulement au travers de l\u2019ordre du jour que nous avons appris que la pr\u00e9sidence souhaitait proc\u00e9der \u00e0 une dissolution-d\u00e9volution de l\u2019association, c\u2019est-\u00e0-dire \u00e0 la r\u00e9internalisation de l\u2019actif et des activit\u00e9s de l\u2019ADUEIS au sein de l\u2019Universit\u00e9. Nous avons \u00e9t\u00e9 surpris de ne recevoir pour document qu\u2019une simple et unique page d\u00e9nu\u00e9e d\u2019information utile. Cela nous a contraints \u00e0 demander l\u2019ensemble des documents n\u00e9cessaires. Une archive de 89 Mo de documents nous a \u00e9t\u00e9 envoy\u00e9e 24h avant le d\u00e9but du CA, de telle mani\u00e8re que nous n\u2019avons pas pu les \u00e9tudier. Seule certitude\u00a0: les deux principaux documents demand\u00e9s, \u00e0 savoir un descriptif des actifs et un plan de la dissolution-d\u00e9volution, ne nous ont pas \u00e9t\u00e9 communiqu\u00e9s du tout. <\/span><\/p>\n<p><span style=\"font-weight: 400;\">Le diaporama pr\u00e9sent\u00e9 en s\u00e9ance comportait pourtant des \u00e9l\u00e9ments d\u2019appr\u00e9ciation qui auraient pu nous \u00eatre utiles en amont. De m\u00eame en s\u00e9ance, il a \u00e9t\u00e9 fait mention d\u2019autres documents, apparemment disponibles, tels que ceux qui ont \u00e9t\u00e9 communiqu\u00e9s aux membres de l\u2019association au moment de la d\u00e9cision de dissolution. Mais l\u00e0 encore non communiqu\u00e9s aux administrateurs avant le Conseil. <\/span><\/p>\n<p><span style=\"font-weight: 400;\">La pr\u00e9sidence ne peut ignorer que cette absence de communication des informations en temps utile compromet la l\u00e9galit\u00e9 de cette d\u00e9lib\u00e9ration. Pourquoi ce manque de s\u00e9rieux\u00a0? Pourquoi prendre ce risque\u00a0?<\/span><\/p>\n<p><span style=\"font-weight: 400;\">Nous avons donc propos\u00e9 de repousser le vote le temps de pouvoir \u00e9tudier correctement ce dossier. C\u2019est alors que nous avons appris que <\/span><b>l\u2019association avait d\u00e9j\u00e0 \u00e9t\u00e9 dissoute le 31 ao\u00fbt 2017<\/b><span style=\"font-weight: 400;\">, et qu\u2019il \u00e9tait demand\u00e9 au CA de l\u2019Universit\u00e9 d\u2019accepter cette dissolution-d\u00e9volution pour que le processus de liquidation des actifs et des passifs puisse se poursuivre. La pr\u00e9sidence nous a, de plus, expliqu\u00e9 que nous n\u2019avions d\u2019autre choix que d\u2019approuver la d\u00e9lib\u00e9ration, sans quoi nous serions responsables de la mise au ch\u00f4mage des personnels de l\u2019association. <\/span><\/p>\n<p><span style=\"font-weight: 400;\">La pr\u00e9sidence a refus\u00e9 de nous indiquer pourquoi elle n\u2019a pas inform\u00e9 en temps utile les administrateurs de cette dissolution, alors m\u00eame qu\u2019elle en avait eu la possibilit\u00e9 lors de la s\u00e9ance du CA de septembre. Pourquoi ce manque de transparence envers les administrateurs\u00a0? \u00a0<\/span><\/p>\n<p><span style=\"font-weight: 400;\">En proc\u00e9dant ainsi, M. Deneken a objectivement renonc\u00e9 \u00e0 tenir son engagement de campagne de ne jamais mettre les administrateurs devant le fait accompli\u00a0:<\/span><\/p>\n<p><span style=\"font-weight: 400;\">Extrait du PV du CA du 13\/12\/2016, engagements du candidat Michel Deneken\u00a0:<br \/>\n<\/span><em><span style=\"font-weight: 400;\">\u00ab arrivera-t-il que le Conseil d\u2019Administration soit mis devant le fait accompli\u00a0?<br \/>\n<\/span>M. DENEKEN r\u00e9pond par la n\u00e9gative. Cela ne peut pas \u00eatre une mani\u00e8re de gouverner\u00a0; m\u00eame les membres de sa liste ne le suivraient pas.\u00a0\u00bb<\/em><\/p>\n<h3><b>Le probl\u00e8me de r\u00e9putation<\/b><\/h3>\n<p><span style=\"font-weight: 400;\">La d\u00e9lib\u00e9ration que nous devions adopter stipulait la chose suivante\u00a0: \u00ab\u00a0L\u2019organisation actuelle de l\u2019ADUEIS et sa plateforme technique SILABE est complexe sur le plan \u00e9conomique. Elle fait l\u2019objet de mani\u00e8re r\u00e9currente d\u2019observations qui peuvent potentiellement nuire \u00e0 la r\u00e9putation de l\u2019Universit\u00e9\u00a0\u00bb. En s\u00e9ance la question de la e-r\u00e9putation a \u00e9t\u00e9 longuement \u00e9voqu\u00e9e par la pr\u00e9sidence. <\/span><\/p>\n<p><span style=\"font-weight: 400;\">Nous avons demand\u00e9 en quoi l\u2019int\u00e9gration de l\u2019ADUEIS au sein de l\u2019Universit\u00e9 r\u00e9solvait ce probl\u00e8me de r\u00e9putation. Il nous a \u00e9t\u00e9 r\u00e9pondu que cela ne le r\u00e9solvait pas, mais que d\u2019autres raisons existaient, notamment la fin du FUI (fonds unique interminist\u00e9riel) finan\u00e7ant le dispositif. Cet argument peut para\u00eetre bien faible au vu de l\u2019ampleur du dossier, d\u2019autant que le FUI est fini depuis 2014, sans qu\u2019une action n\u2019ait \u00e9t\u00e9 entreprise plus t\u00f4t. <\/span><\/p>\n<h3><b>D\u00e9lib\u00e9ration<\/b><\/h3>\n<p><span style=\"font-weight: 400;\">Finalement, la d\u00e9lib\u00e9ration a \u00e9t\u00e9 modifi\u00e9e en s\u00e9ance (la modification est en gras)\u00a0:<\/span><\/p>\n<p><span style=\"font-weight: 400;\">\u00ab\u00a0<\/span><i><span style=\"font-weight: 400;\">Le CA de l\u2019universit\u00e9 de Strasbourg approuve la <\/span><\/i><b><i>possibilit\u00e9 <\/i><\/b><i><span style=\"font-weight: 400;\">de dissolution-d\u00e9volution de l\u2019association ADUEIS <\/span><\/i><b><i>prononc\u00e9e en date du 31\/08\/17 <\/i><\/b><i><span style=\"font-weight: 400;\">au profit de l\u2019Universit\u00e9 de Strasbourg et <\/span><\/i><b><i>la potentielle <\/i><\/b><i><span style=\"font-weight: 400;\">r\u00e9int\u00e9gration des actifs et passifs au sein du centre de primatologie.\u00a0\u00bb<\/span><\/i><\/p>\n<p><span style=\"font-weight: 400;\">Elle a \u00e9t\u00e9 rejet\u00e9e par les \u00e9lus des listes Alternative 2017 ainsi que les \u00e9lus BIATSS CGT et SNASUB, et approuv\u00e9e par tous les autres administrateurs, sans communication des documents en temps utile, sans pr\u00e9sentation d\u2019un plan de dissolution-d\u00e9volution, et surtout, si on en mesure bien les risques, sans qu\u2019on sache quel int\u00e9r\u00eat r\u00e9el cette d\u00e9lib\u00e9ration repr\u00e9sente pour l\u2019Universit\u00e9.<\/span><\/p>\n<p><span style=\"font-weight: 400;\">Nous esp\u00e9rons sinc\u00e8rement que cette d\u00e9lib\u00e9ration n\u2019aura pas d\u2019impact n\u00e9gatif sur notre \u00e9tablissement. Et nous posons \u00e0 nouveau la question\u00a0: pourquoi ce manque de transparence\u00a0?<\/span><\/p>\n<h2><b>2. Contrat d\u2019Objectifs et de Moyens de l\u2019\u00c9cole de Management<\/b><\/h2>\n<p><span style=\"font-weight: 400;\">Ce contrat est particuli\u00e8rement bien structur\u00e9 et clair. Il pr\u00e9sente une grande ambition, non seulement au niveau de l\u2019augmentation des effectifs \u00e9tudiants (de 3000 \u00e0 4000 en 5 ans), mais aussi de nombreux chantiers (Maison du leader, flex-office, commercialisation, etc.). Dans le contexte actuel des \u00e9coles, notamment de commerce, cette ambition peut appara\u00eetre tout \u00e0 fait pertinente.<\/span><\/p>\n<p><span style=\"font-weight: 400;\">Cependant, notre liste a \u00e9t\u00e9 \u00e9lue sur un programme de partage plut\u00f4t que de concentration des moyens. Nous avons donc attir\u00e9 l\u2019attention sur le passage suivant :<\/span><\/p>\n<p><em><span style=\"font-weight: 400;\">\u00ab\u00a0<\/span>Dans un premier temps, l\u2019Universit\u00e9 s\u2019engage \u00e0 soutenir la strat\u00e9gie de l\u2019\u00e9cole selon des<\/em><br \/>\n<em>crit\u00e8res de dotations prenant en compte la totalit\u00e9 des effectifs \u00e9tudiants de l\u2019\u00e9cole. Ce<\/em><br \/>\n<em>soutien se traduira notamment par la dotation de personnels titulaires enseignants (Maitres<\/em><br \/>\n<em>de Conf\u00e9rences, Professeurs) et BIATSS en rapport avec les effectifs \u00e9tudiants totaux.<\/em><\/p>\n<p><em>Dans un second temps, elle autorisera comme par le pass\u00e9 l\u2019EM Strasbourg \u00e0 recruter sur ses<\/em><br \/>\n<em>ressources propres de nouveaux personnels enseignants-chercheurs et BIATSS contractuels.\u00a0<span style=\"font-weight: 400;\">\u00bb<\/span><\/em><\/p>\n<p><span style=\"font-weight: 400;\">Notre question \u00e9tait simple\u00a0: l\u2019universit\u00e9 s\u2019engage-t-elle \u00e0 augmenter la dotation en personnel de l\u2019EM\u00a0? Cette question simple n\u2019a toutefois pas suscit\u00e9 de r\u00e9ponse claire\u00a0: <\/span><\/p>\n<ul>\n<li style=\"font-weight: 400;\"><span style=\"font-weight: 400;\">Tout d\u2019abord il nous a \u00e9t\u00e9 affirm\u00e9 que le texte \u00e9tait mal r\u00e9dig\u00e9, ce qui ne nous semble pas \u00eatre le cas.<\/span><\/li>\n<li style=\"font-weight: 400;\"><span style=\"font-weight: 400;\">Ensuite, il nous a \u00e9t\u00e9 expliqu\u00e9 que la notion de \u00ab\u00a0titulaires\u00a0\u00bb et de \u00ab\u00a0contractuels\u00a0\u00bb diff\u00e9rait entre l\u2019universit\u00e9 et l\u2019EM. Pour l\u2019EM, \u00ab\u00a0titulaire\u00a0\u00bb correspond \u00e0 un poste de fonctionnaire pay\u00e9 par l\u2019universit\u00e9, et \u00ab\u00a0contractuel\u00a0\u00bb \u00e0 un CDD pay\u00e9 par la composante. Nous ne voyons donc aucune diff\u00e9rence avec l\u2019universit\u00e9 sur ce point.<\/span><\/li>\n<li style=\"font-weight: 400;\"><span style=\"font-weight: 400;\">Puis il nous a \u00e9t\u00e9 certifi\u00e9 que la dotation n\u2019augmenterait pas. Mais la clarification faite \u00e0 notre demande a montr\u00e9 qu\u2019il s\u2019agissait alors de la dotation budg\u00e9taire, alors que nous nous int\u00e9ressions \u00e0 la dotation en personnel. <\/span><\/li>\n<li style=\"font-weight: 400;\"><span style=\"font-weight: 400;\">Enfin, il nous a \u00e9t\u00e9 assur\u00e9 qu\u2019il n\u2019\u00e9tait envisag\u00e9 ni de revoir les crit\u00e8res de dotation ni d\u2019augmenter la proportion de fonctionnaires. C\u2019est pourtant ce qui est \u00e9crit dans ce contrat.<\/span><\/li>\n<\/ul>\n<p><span style=\"font-weight: 400;\">Le contrat a donc \u00e9t\u00e9 modifi\u00e9 en s\u00e9ance pour enlever \u00ab\u00a0<\/span><i><span style=\"font-weight: 400;\">Dans un premier temps\u00a0\u00bb<\/span><\/i><span style=\"font-weight: 400;\"> et \u00ab\u00a0<\/span><i><span style=\"font-weight: 400;\">titulaires\u00a0\u00bb<\/span><\/i><span style=\"font-weight: 400;\">, avec de nombreuses r\u00e9assurances de la pr\u00e9sidence.<\/span><\/p>\n<p><span style=\"font-weight: 400;\">Le COM de l\u2019EM a donc \u00e9t\u00e9 adopt\u00e9 \u00e0 l\u2019unanimit\u00e9 moins deux abstentions d\u2019\u00e9lus Alternative. Cependant, sa r\u00e9daction, sinon son interpr\u00e9tation, probl\u00e9matique, nous obligeront \u00e0 une vigilance particuli\u00e8re lors des prochaines commissions des emplois.<\/span><\/p>\n<p><span style=\"font-weight: 400;\">L\u2019impossibilit\u00e9 d\u2019obtenir une r\u00e9ponse claire \u00e0 des questions aussi simples interroge\u00a0: comment comprendre ce manque de transparence\u00a0? <\/span><\/p>\n<h2><b>3. R\u00e9gime d\u2019int\u00e9ressement <\/b><\/h2>\n<p><span style=\"font-weight: 400;\">Nous vous en avons suffisamment parl\u00e9 <\/span><a href=\"http:\/\/alternative2017.eu\/index.php\/2017\/11\/07\/a-qui-profitera-la-nouvelle-prime-de-luniversite-de-strasbourg\/\"><span style=\"font-weight: 400;\">ici<\/span><\/a><span style=\"font-weight: 400;\">, et le r\u00e9sum\u00e9 mis \u00e0 jour est visible <\/span><a href=\"http:\/\/alternative2017.eu\/index.php\/2017\/11\/07\/lhistoire-de-la-prime-dinteressement-realite-politique\/\"><span style=\"font-weight: 400;\">l\u00e0<\/span><\/a><span style=\"font-weight: 400;\">.<\/span><\/p>\n<p><span style=\"font-weight: 400;\">La pr\u00e9sidence avait bien pris connaissance de notre <\/span><a href=\"http:\/\/alternative2017.eu\/index.php\/2017\/11\/07\/note-sur-le-projet-de-creation-dun-regime-dinteressement-a-luniversite-de-strasbourg-aspects-juridiques\/\"><span style=\"font-weight: 400;\">note juridique<\/span><\/a><span style=\"font-weight: 400;\">, mais l\u2019a disqualifi\u00e9e rapidement, sans juger bon d\u2019apporter une r\u00e9ponse \u00e9crite. \u00c0 ce stade, la l\u00e9galit\u00e9 de cette d\u00e9lib\u00e9ration nous para\u00eet toujours fortement sujette \u00e0 caution.<\/span><\/p>\n<p><span style=\"font-weight: 400;\">Finalement, nous avons expos\u00e9 ainsi notre position\u00a0: doubler discr\u00e9tionnairement le salaire de certains est une faute politique majeure alors que le point d\u2019indice de tous est gel\u00e9 depuis bient\u00f4t une d\u00e9cennie, que les charges de tous ont tant augment\u00e9, et que l\u2019Universit\u00e9 de Strasbourg est celle qui a supprim\u00e9 le plus de postes depuis 2010. C\u2019est donc une mesure non seulement injuste, mais en plus \u00e0 m\u00eame de provoquer une d\u00e9motivation des coll\u00e8gues effectuant les missions \u00ab\u00a0de base\u00a0\u00bb, comme les qualifient la pr\u00e9sidence. Il nous a \u00e9t\u00e9 r\u00e9pondu que c\u2019est pr\u00e9cis\u00e9ment l\u2019objet du suivi de carri\u00e8re. <\/span><\/p>\n<p><span style=\"font-weight: 400;\">C\u2019est donc ainsi que nous pouvons d\u00e9sormais r\u00e9sumer la politique de l\u2019Universit\u00e9 de Strasbourg\u00a0: <\/span><b>doublement de salaire pour quelques-uns, suivi de carri\u00e8re pour tous les autres.<\/b><\/p>\n<h2><b>Enfin&#8230;<\/b><\/h2>\n<p><span style=\"font-weight: 400;\">Durant presque 6 heures de s\u00e9ance, deux d\u00e9lib\u00e9rations dangereuses et \u00e0 la l\u00e9galit\u00e9 douteuse auront donc \u00e9t\u00e9 adopt\u00e9es\u2026 Mais pas un mot n\u2019aura \u00e9t\u00e9 prononc\u00e9 sur la r\u00e9forme en cours de l\u2019enseignement sup\u00e9rieur. <\/span><\/p>\n<p><span style=\"font-weight: 400;\">Dans de telles conditions de confusion et d\u2019opacit\u00e9, le Conseil d\u2019administration de l\u2019Universit\u00e9 peut-il encore jouer son r\u00f4le\u00a0?<\/span><\/p>\n","protected":false},"excerpt":{"rendered":"<p>Le Conseil d\u2019Administration, r\u00e9uni le 14\/11\/2017, a \u00e9t\u00e9 particuli\u00e8rement long et confus. Il a \u00e9t\u00e9 caract\u00e9ris\u00e9 par une difficult\u00e9 insurmontable de comprendre l\u2019objectif des d\u00e9lib\u00e9rations, comme d\u2019obtenir des r\u00e9ponses \u00e0 des questions pourtant simples et pr\u00e9cises. Nous sommes face \u00e0 un inqui\u00e9tant d\u00e9faut de transparence qui emp\u00eache les administrateurs de prendre des d\u00e9cisions en toute [&hellip;]<\/p>\n","protected":false},"author":1,"featured_media":0,"comment_status":"open","ping_status":"open","sticky":false,"template":"","format":"standard","meta":{"jetpack_post_was_ever_published":false,"_jetpack_newsletter_access":"","_jetpack_dont_email_post_to_subs":false,"_jetpack_newsletter_tier_id":0,"footnotes":""},"categories":[6,9],"tags":[],"jetpack_featured_media_url":"","jetpack_sharing_enabled":true,"jetpack_shortlink":"https:\/\/wp.me\/p85Sjy-dZ","jetpack_likes_enabled":true,"_links":{"self":[{"href":"https:\/\/alternative2017.eu\/index.php\/wp-json\/wp\/v2\/posts\/867"}],"collection":[{"href":"https:\/\/alternative2017.eu\/index.php\/wp-json\/wp\/v2\/posts"}],"about":[{"href":"https:\/\/alternative2017.eu\/index.php\/wp-json\/wp\/v2\/types\/post"}],"author":[{"embeddable":true,"href":"https:\/\/alternative2017.eu\/index.php\/wp-json\/wp\/v2\/users\/1"}],"replies":[{"embeddable":true,"href":"https:\/\/alternative2017.eu\/index.php\/wp-json\/wp\/v2\/comments?post=867"}],"version-history":[{"count":3,"href":"https:\/\/alternative2017.eu\/index.php\/wp-json\/wp\/v2\/posts\/867\/revisions"}],"predecessor-version":[{"id":871,"href":"https:\/\/alternative2017.eu\/index.php\/wp-json\/wp\/v2\/posts\/867\/revisions\/871"}],"wp:attachment":[{"href":"https:\/\/alternative2017.eu\/index.php\/wp-json\/wp\/v2\/media?parent=867"}],"wp:term":[{"taxonomy":"category","embeddable":true,"href":"https:\/\/alternative2017.eu\/index.php\/wp-json\/wp\/v2\/categories?post=867"},{"taxonomy":"post_tag","embeddable":true,"href":"https:\/\/alternative2017.eu\/index.php\/wp-json\/wp\/v2\/tags?post=867"}],"curies":[{"name":"wp","href":"https:\/\/api.w.org\/{rel}","templated":true}]}}