{"id":876,"date":"2017-11-29T20:18:25","date_gmt":"2017-11-29T19:18:25","guid":{"rendered":"http:\/\/alternative2017.eu\/?p=876"},"modified":"2017-12-03T14:19:24","modified_gmt":"2017-12-03T13:19:24","slug":"revue-de-presse-29-11-2017","status":"publish","type":"post","link":"https:\/\/alternative2017.eu\/index.php\/2017\/11\/29\/revue-de-presse-29-11-2017\/","title":{"rendered":"Revue de presse 29\/11\/2017"},"content":{"rendered":"<h2><b>Strasbourg \/ Alsace<\/b><\/h2>\n<ul>\n<li style=\"font-weight: 400;\"><a href=\"http:\/\/www.lemonde.fr\/m-actu\/article\/2017\/11\/07\/a-strasbourg-des-manifestants-reclament-la-fermeture-du-centre-de-primatologie_5211289_4497186.html\"><span style=\"font-weight: 400;\">A Strasbourg, des manifestants r\u00e9clament la fermeture du centre de primatologie<\/span><\/a><span style=\"font-weight: 400;\">, Le Monde<\/span><\/li>\n<li style=\"font-weight: 400;\"><a href=\"http:\/\/www.rue89strasbourg.com\/commerce-singes-universite-responsables-sexpliquent-127304\"><span style=\"font-weight: 400;\">Commerce de singes de l\u2019Universit\u00e9 de Strasbourg : les responsables s\u2019expliquent<\/span><\/a><span style=\"font-weight: 400;\">, rue89strasbourg<\/span><\/li>\n<li style=\"font-weight: 400;\"><a href=\"http:\/\/www.dna.fr\/societe\/2017\/10\/22\/manifestation-contre-le-centre-de-primatologie\"><span style=\"font-weight: 400;\">Manifestation contre le centre de primatologie<\/span><\/a><span style=\"font-weight: 400;\">, DNA<\/span><\/li>\n<li style=\"font-weight: 400;\"><a href=\"https:\/\/education.newstank.fr\/fr\/tour\/news\/104018\/procedure-relations-presse-unistra-place-services-communication-question.html\"><span style=\"font-weight: 400;\">Proc\u00e9dure relations-presse \u00e0 l\u2019Unistra : la place des services communication en question<\/span><\/a><span style=\"font-weight: 400;\">, news tank<\/span><\/li>\n<li style=\"font-weight: 400;\"><a href=\"http:\/\/www.unistra.fr\/index.php?id=19769&amp;no_cache=1&amp;utm_source=unistra_fr&amp;utm_medium=unistra_fr_homepage&amp;tx_ttnews%5BbackPid%5D=14651&amp;tx_ttnews%5Btt_news%5D=15136&amp;cHash=4d1b5338f05160aff7c8c0084b0d25ba\"><span style=\"font-weight: 400;\">Universit\u00e9 de Strasbourg : grand vainqueur de l\u2019appel \u00e0 projets \u00ab \u00e9coles universitaires de recherche \u00bb<\/span><\/a><span style=\"font-weight: 400;\">, unistra.fr<\/span><\/li>\n<li style=\"font-weight: 400;\"><a href=\"https:\/\/www.unistra.fr\/index.php?id=25290&amp;no_cache=1&amp;tx_ttnews[tt_news]=15110&amp;cHash=3fef64581ad762d8d9a42d32fc5d4340\"><span style=\"font-weight: 400;\">Le projet innovant ECRI+ se\u0301lectionne\u0301 au sein des \u00ab Nouveaux cursus a\u0300 l\u2019universite\u0301 \u00bb<\/span><\/a><span style=\"font-weight: 400;\">, unistra.fr<\/span><\/li>\n<li style=\"font-weight: 400;\"><a href=\"http:\/\/www.20minutes.fr\/planete\/2164847-20171108-strasbourg-comment-passoire-thermique-universite-devenue-modele-ecologique\"><span style=\"font-weight: 400;\">Passoire thermique, un b\u00e2timent de l&rsquo;universit\u00e9 devient un mod\u00e8le \u00e9colo<\/span><\/a><span style=\"font-weight: 400;\">, 20minutes<\/span><\/li>\n<li style=\"font-weight: 400;\"><a href=\"http:\/\/www.dna.fr\/edition-de-strasbourg\/2017\/10\/29\/les-juniors-entreprises-veulent-devenir-grandes\"><span style=\"font-weight: 400;\">Les juniors-entreprises veulent devenir grandes<\/span><\/a><span style=\"font-weight: 400;\">, DNA<\/span><\/li>\n<\/ul>\n<h2><b>Rapports et classements<\/b><\/h2>\n<ul>\n<li style=\"font-weight: 400;\"><a href=\"https:\/\/www.performance-publique.budget.gouv.fr\/sites\/performance_publique\/files\/farandole\/ressources\/2018\/pap\/pdf\/jaunes\/jaune2018_recherche.pdf\"><span style=\"font-weight: 400;\">Rapport sur les politiques nationales de recherche et de formations sup\u00e9rieures<\/span><\/a><span style=\"font-weight: 400;\">, annexe au projet de loi des finances pour 2018<\/span><\/li>\n<li style=\"font-weight: 400;\"><a href=\"http:\/\/www.assemblee-nationale.fr\/15\/budget\/plf2018\/a0274-tV.asp\"><span style=\"font-weight: 400;\">Rapport l\u00e9gislatif sur l\u2019ESR<\/span><\/a><span style=\"font-weight: 400;\">, M. Philippe BERTA,<\/span><\/li>\n<li style=\"font-weight: 400;\"><a href=\"https:\/\/data.esr.gouv.fr\/FR\/T525\/P844\/tableau_de_bord_financier_-_resultats_pour_titulaires\"><span style=\"font-weight: 400;\">Tableau de bord financier<\/span><\/a><span style=\"font-weight: 400;\">, #dataESR<\/span><\/li>\n<li style=\"font-weight: 400;\"><a href=\"http:\/\/www.letudiant.fr\/etudes\/fac\/universite-le-palmares-2018-de-la-reussite-en-licence-2.html\"><span style=\"font-weight: 400;\">Universit\u00e9 : le palmar\u00e8s 2018 de la r\u00e9ussite en licence<\/span><\/a><span style=\"font-weight: 400;\">, L\u2019Etudiant<\/span><\/li>\n<li style=\"font-weight: 400;\"><a href=\"http:\/\/www.letudiant.fr\/palmares\/palmares-des-grandes-ecoles-de-commerce\/salaires.html#indicateurs=902629,902631&amp;criterias\"><span style=\"font-weight: 400;\">Palmar\u00e8s des grandes \u00e9coles de commerce 2018<\/span><\/a><span style=\"font-weight: 400;\">, L\u2019Etudiant<\/span><\/li>\n<li style=\"font-weight: 400;\"><a href=\"http:\/\/www.letudiant.fr\/etudes\/ces-etablissements-qui-offrent-la-meilleure-employabilite-selon-un-journal-britannique.html\"><span style=\"font-weight: 400;\">Ces \u00e9coles et universit\u00e9s qui offrent la meilleure employabilit\u00e9, selon le Times Higher Education<\/span><\/a><span style=\"font-weight: 400;\">, L\u2019Etudiant<\/span><\/li>\n<li style=\"font-weight: 400;\"><a href=\"http:\/\/www.university-autonomy.eu\/\"><span style=\"font-weight: 400;\">University Autonomy<\/span><\/a><span style=\"font-weight: 400;\">, \u00a0European University Association<\/span><\/li>\n<li style=\"font-weight: 400;\"><a href=\"http:\/\/media.education.gouv.fr\/file\/94\/9\/5949.pdf\"><span style=\"font-weight: 400;\">Pour un mod\u00e8le europ\u00e9en d\u2019enseignement sup\u00e9rieur<\/span><\/a><span style=\"font-weight: 400;\">, Jacques Attali<\/span><\/li>\n<\/ul>\n<h2><b>Budget de l\u2019ESR<\/b><\/h2>\n<ul>\n<li style=\"font-weight: 400;\"><a href=\"http:\/\/huet.blog.lemonde.fr\/2017\/10\/08\/budget-de-la-recherche-2017-la-verite-est-dans-le-bleu\/\"><span style=\"font-weight: 400;\">Budget de la recherche 2018 : la v\u00e9rit\u00e9 est dans le bleu<\/span><\/a><span style=\"font-weight: 400;\">, {Sciences\u00b2} Sylvestre Huet<\/span><\/li>\n<li style=\"font-weight: 400;\"><a href=\"https:\/\/histoiresduniversites.wordpress.com\/2017\/10\/29\/budget-2018-4-rapports-705-pages\/\"><span style=\"font-weight: 400;\">Budget 2018. 4 rapports, 705 pages<\/span><\/a><span style=\"font-weight: 400;\">, Histoires d\u2019universit\u00e9s<\/span><\/li>\n<li style=\"font-weight: 400;\"><a href=\"https:\/\/histoiresduniversites.wordpress.com\/2017\/11\/18\/depense-par-etudiant-en-baisse-2\/\"><span style=\"font-weight: 400;\">D\u00e9pense par \u00e9tudiant en baisse<\/span><\/a><span style=\"font-weight: 400;\">, Histoires d\u2019universit\u00e9s<\/span><\/li>\n<li style=\"font-weight: 400;\"><a href=\"http:\/\/po.st\/CEQU9G\"><span style=\"font-weight: 400;\">Cr\u00e9dit d&rsquo;imp\u00f4t recherche: soutien \u00e0 l&rsquo;innovation ou niche fiscale ?<\/span><\/a><span style=\"font-weight: 400;\"> L\u2019Express<\/span><\/li>\n<\/ul>\n<h2><b>Evolution de l\u2019ESR<\/b><\/h2>\n<ul>\n<li style=\"font-weight: 400;\"><a href=\"http:\/\/www.letudiant.fr\/educpros\/opinions\/classes-inversees-et-mooc-revolution-copernicienne-dans-l-enseignement-vraiment-1.html\"><span style=\"font-weight: 400;\">Classes invers\u00e9es et Mooc, r\u00e9volution copernicienne dans l&rsquo;enseignement&#8230; vraiment ?<\/span><\/a><span style=\"font-weight: 400;\">, EducPros<\/span><\/li>\n<li style=\"font-weight: 400;\"><a href=\"http:\/\/www.letudiant.fr\/alternance\/faire-une-licence-generale-en-alternance-a-la-fac-c-est-possible.html\"><span style=\"font-weight: 400;\">Faire une licence g\u00e9n\u00e9rale en alternance \u00e0 la fac, c&rsquo;est possible !<\/span><\/a><span style=\"font-weight: 400;\">, L&rsquo;Etudiant <\/span><\/li>\n<li style=\"font-weight: 400;\"><a href=\"http:\/\/www.acrimed.org\/Le-classement-de-Shanghai-des-universites-une\"><span style=\"font-weight: 400;\">Le classement de Shanghai des universit\u00e9s : une pernicieuse addiction m\u00e9diatique<\/span><\/a><span style=\"font-weight: 400;\">, Acrimed<\/span><\/li>\n<li style=\"font-weight: 400;\"><a href=\"http:\/\/sciences.blogs.liberation.fr\/2014\/01\/27\/les-agents-doubles-du-classement-de-shanghai\/\"><span style=\"font-weight: 400;\">Les agents doubles du classement de Shanghai<\/span><\/a><span style=\"font-weight: 400;\">, Sylvestre Huet Lib\u00e9ration<\/span><\/li>\n<li style=\"font-weight: 400;\"><a href=\"https:\/\/www.alternatives-economiques.fr\/blues-doctorants\/00081214\"><span style=\"font-weight: 400;\">Le blues des doctorants<\/span><\/a><span style=\"font-weight: 400;\">, Alternatives Economiques<\/span><\/li>\n<li style=\"font-weight: 400;\"><a href=\"http:\/\/www.letudiant.fr\/educpros\/actualite\/avec-openinsa-le-groupe-insa-se-lance-dans-la-formation-en-ligne.html\"><span style=\"font-weight: 400;\">Avec OpenInsa, les Insa se lancent dans la formation en ligne maison<\/span><\/a><span style=\"font-weight: 400;\">, EducPros<\/span><\/li>\n<li style=\"font-weight: 400;\"><a href=\"https:\/\/hub-vacataire.com\/\"><span style=\"font-weight: 400;\">HUBvacataire<\/span><\/a><\/li>\n<li style=\"font-weight: 400;\"><a href=\"http:\/\/www.yourlecturer.com\/\"><span style=\"font-weight: 400;\">YourLecturer<\/span><\/a><\/li>\n<li style=\"font-weight: 400;\"><a href=\"https:\/\/pixis.co\/landing\/\"><span style=\"font-weight: 400;\">Ton orientation<\/span><\/a><\/li>\n<\/ul>\n<h2><b>Actualit\u00e9s de l\u2019ESR<\/b><\/h2>\n<ul>\n<li style=\"font-weight: 400;\"><a href=\"http:\/\/www.lemonde.fr\/campus\/article\/2017\/11\/07\/ecoles-d-ingenieurs-les-universites-technologiques-ont-la-cote_5211280_4401467.html\"><span style=\"font-weight: 400;\">Ecoles d\u2019ing\u00e9nieurs : les universit\u00e9s technologiques ont la cote<\/span><\/a><span style=\"font-weight: 400;\">, Le Monde Campus<\/span><\/li>\n<li style=\"font-weight: 400;\"><a href=\"http:\/\/www.letudiant.fr\/educpros\/opinions\/le-role-des-agences-francaises-d-evaluation-et-d-accreditation-dans-l-enseignement-superieur.html\"><span style=\"font-weight: 400;\">Le r\u00f4le des agences fran\u00e7aises d&rsquo;\u00e9valuation et d&rsquo;accr\u00e9ditation dans l&rsquo;enseignement sup\u00e9rieur<\/span><\/a><span style=\"font-weight: 400;\">, EducPros<\/span><\/li>\n<li style=\"font-weight: 400;\"><a href=\"https:\/\/www.ouest-france.fr\/normandie\/la-fac-de-droit-de-rouen-ferme-son-antenne-d-evreux-5349803\"><span style=\"font-weight: 400;\">La fac de droit de Rouen ferme son antenne d\u2019\u00c9vreux<\/span><\/a><span style=\"font-weight: 400;\">, ouestfrance \u00a0<\/span><\/li>\n<li style=\"font-weight: 400;\"><a href=\"http:\/\/www.letudiant.fr\/educpros\/actualite\/a-ouest-universites-tours-orleans-integrent-comue-centre-val-de-loire.html\"><span style=\"font-weight: 400;\">\u00c0 l&rsquo;Ouest, les universit\u00e9s de Tours et d&rsquo;Orl\u00e9ans int\u00e8grent la Comue Centre-Val de Loire<\/span><\/a><span style=\"font-weight: 400;\">, EducPros<\/span><\/li>\n<li style=\"font-weight: 400;\"><a href=\"http:\/\/www.letudiant.fr\/educpros\/actualite\/vers-une-revision-de-la-carte-des-academies.html\"><span style=\"font-weight: 400;\">Deux acad\u00e9mies pour un recteur : l&rsquo;exp\u00e9rimentation normande<\/span><\/a><span style=\"font-weight: 400;\">, EducPros<\/span><\/li>\n<li style=\"font-weight: 400;\"><a href=\"http:\/\/www.lemonde.fr\/campus\/article\/2017\/11\/10\/paris-dauphine-et-sciences-po-alternatives-aux-ecoles-de-commerce_5213005_4401467.html\"><span style=\"font-weight: 400;\">Paris-Dauphine et Sciences Po, alternatives aux \u00e9coles de commerce<\/span><\/a><span style=\"font-weight: 400;\">, Le Monde Campus <\/span><\/li>\n<li style=\"font-weight: 400;\"><a href=\"http:\/\/etudiant.lefigaro.fr\/article\/l-universite-paris-xiii-en-proie-a-de-serieuses-difficultes-financieres_f14642ba-c959-11e7-ac0b-8b4fc3fa242a\/\"><span style=\"font-weight: 400;\">L\u2019universit\u00e9 Paris XIII en proie \u00e0 de s\u00e9rieuses difficult\u00e9s financi\u00e8res<\/span><\/a><span style=\"font-weight: 400;\"> le Figaro Etudiant<\/span><\/li>\n<li style=\"font-weight: 400;\"><a href=\"https:\/\/pbs.twimg.com\/media\/DOXVLYQW4AAYEpR.jpg:large\"><span style=\"font-weight: 400;\">Message du Pr\u00e9sident de l\u2019Universit\u00e9 Paris 13<\/span><\/a><\/li>\n<li style=\"font-weight: 400;\"><a href=\"http:\/\/www.letudiant.fr\/educpros\/actualite\/ou-va-l-argent-des-capital-risqueurs-qui-investissent-dans-les-edtech.html\"><span style=\"font-weight: 400;\">O\u00f9 va l&rsquo;argent des capital risqueurs qui investissent dans les EdTech ?<\/span><\/a><span style=\"font-weight: 400;\">, EducPros<\/span><\/li>\n<li style=\"font-weight: 400;\"><a href=\"http:\/\/www.lemonde.fr\/campus\/article\/2017\/11\/04\/ecoles-de-commerce-jusqu-ou-ira-la-strategie-du-toujours-plus_5210300_4401467.html\"><span style=\"font-weight: 400;\">Ecoles de commerce : jusqu\u2019o\u00f9 ira la strat\u00e9gie du \u00ab toujours plus \u00bb ?<\/span><\/a><span style=\"font-weight: 400;\">, Le Monde Campus<\/span><\/li>\n<li style=\"font-weight: 400;\"><a href=\"http:\/\/www2.cnrs.fr\/presse\/communique\/5275.htm\"><span style=\"font-weight: 400;\">Anne Peyroche est nomm\u00e9e pr\u00e9sidente du CNRS par int\u00e9rim<\/span><\/a><span style=\"font-weight: 400;\">, cnrs.fr<\/span><\/li>\n<li style=\"font-weight: 400;\"><a href=\"http:\/\/huet.blog.lemonde.fr\/2017\/10\/30\/le-requisitoire-dalain-fuchs-quittant-le-cnrs\/\"><span style=\"font-weight: 400;\">Le r\u00e9quisitoire d\u2019Alain Fuchs quittant le CNRS<\/span><\/a><span style=\"font-weight: 400;\">, \u00a0{Sciences\u00b2} Sylvestre Huet<\/span><\/li>\n<li style=\"font-weight: 400;\"><a href=\"http:\/\/www.letudiant.fr\/educpros\/actualite\/investissements-d-avenir-29-ecoles-universitaires-de-recherche-selectionnees.html\"><span style=\"font-weight: 400;\">Investissements d&rsquo;avenir : 29 \u00e9coles universitaires de recherche s\u00e9lectionn\u00e9es<\/span><\/a><span style=\"font-weight: 400;\">, EducPros<\/span><\/li>\n<li style=\"font-weight: 400;\"><a href=\"https:\/\/www.timeshighereducation.com\/news\/ecole-polytechniques-modern-outlook-sync-macron\"><span style=\"font-weight: 400;\">\u00c9cole Polytechnique\u2019s modern outlook in sync with Macron<\/span><\/a><span style=\"font-weight: 400;\">, TimesHigherEducation<\/span><\/li>\n<li style=\"font-weight: 400;\"><a href=\"http:\/\/www.bondyblog.fr\/201710201101\/la-galere-des-etudiants-toujours-en-attente-de-leurs-bourses-du-crous\/#.WfGCH1u0PIV\"><span style=\"font-weight: 400;\">La gal\u00e8re des \u00e9tudiants toujours en attente de leurs bourses du Crous<\/span><\/a><span style=\"font-weight: 400;\">, Bondy Blog<\/span><\/li>\n<li style=\"font-weight: 400;\"><a href=\"http:\/\/www.letudiant.fr\/educpros\/actualite\/authentification-numerique-diplomes-double-gagnant-etudiants-etablissements.html\"><span style=\"font-weight: 400;\">Authentification num\u00e9rique des dipl\u00f4mes : le doubl\u00e9 gagnant pour les \u00e9tudiants et les \u00e9tablissements<\/span><\/a><span style=\"font-weight: 400;\">, EducPros<\/span><\/li>\n<\/ul>\n<h2><b>Education Nationale<\/b><\/h2>\n<ul>\n<li style=\"font-weight: 400;\"><a href=\"http:\/\/www.laviemoderne.net\/grandes-autopsies\/166-fournitures-4-0\"><span style=\"font-weight: 400;\">Fournitures \u00ab 4.0 \u00bb<\/span><\/a><span style=\"font-weight: 400;\">, Laviemoderne<\/span><\/li>\n<li style=\"font-weight: 400;\"><a href=\"http:\/\/www.laviemoderne.net\/mirabilia\/171-la-grande-braderie-de-lilie\"><span style=\"font-weight: 400;\">La grande braderie de \u00ab Lilie \u00bb<\/span><\/a><span style=\"font-weight: 400;\">, LaVieModerne<\/span><\/li>\n<li style=\"font-weight: 400;\"><a href=\"http:\/\/www.letudiant.fr\/etudes\/3es-cycles-et-masters\/une-annee-a-l-ecole-des-profs-on-est-deborde.html\"><span style=\"font-weight: 400;\">Une ann\u00e9e \u00e0 l\u2019\u00e9cole des profs : \u00ab\u00a0On est d\u00e9bord\u00e9\u00a0\u00bb<\/span><\/a><span style=\"font-weight: 400;\">, L&rsquo;Etudiant <\/span><\/li>\n<li style=\"font-weight: 400;\"><a href=\"https:\/\/mcetv.fr\/mon-mag-campus\/ile-de-france-numerisation-lycees-2908\/\"><span style=\"font-weight: 400;\">Ile-de-France: vers la num\u00e9risation totale des lyc\u00e9es de la r\u00e9gion<\/span><\/a><span style=\"font-weight: 400;\">, mce_tv<\/span><\/li>\n<li style=\"font-weight: 400;\"><a href=\"https:\/\/www.caissedesdepotsdesterritoires.fr\/cs\/ContentServer?pagename=Territoires%2FArticles%2FArticles&amp;cid=1250280033964\"><span style=\"font-weight: 400;\">Jean-Michel Blanquer ne veut plus financer les manuels scolaires des coll\u00e8ges<\/span><\/a><span style=\"font-weight: 400;\">, Caisse des d\u00e9p\u00f4ts des territoires<\/span><\/li>\n<\/ul>\n<h2><b>Services Publics<\/b><\/h2>\n<ul>\n<li style=\"font-weight: 400;\"><a href=\"https:\/\/www.alternatives-economiques.fr\/mauvais-proces-aux-fonctionnaires-deconstruit-6-points\/00078343\"><span style=\"font-weight: 400;\">Le mauvais proc\u00e8s fait aux fonctionnaires d\u00e9construit en 6 points<\/span><\/a><span style=\"font-weight: 400;\">, Alternatives Economiques<\/span><\/li>\n<li style=\"font-weight: 400;\"><a href=\"https:\/\/www.mediapart.fr\/journal\/economie\/181017\/les-fonctionnaires-souffre-douleur-du-gouvernement\"><span style=\"font-weight: 400;\">Les fonctionnaires, souffre-douleur du gouvernement<\/span><\/a><span style=\"font-weight: 400;\">, Mediapart<\/span><\/li>\n<\/ul>\n<h2><b>Tribunes<\/b><\/h2>\n<ul>\n<li style=\"font-weight: 400;\"><a href=\"http:\/\/po.st\/RRFd5i\"><span style=\"font-weight: 400;\">\u00ab\u00a0Monsieur Ferry, votre m\u00e9pris a attrist\u00e9 mes \u00e9l\u00e8ves mais les a, h\u00e9las, \u00e0 peine choqu\u00e9s\u00a0\u00bb<\/span><\/a><span style=\"font-weight: 400;\">, Mathilde Levesque<\/span><\/li>\n<\/ul>\n<ul>\n<li style=\"font-weight: 400;\"><a href=\"http:\/\/www.hors-serie.net\/Aux-Ressources\/2017-11-04\/L-ecole-du-peuple-id271\"><span style=\"font-weight: 400;\">L&rsquo;\u00e9cole du peuple, V\u00e9ronique Decker<\/span><\/a><span style=\"font-weight: 400;\">, Hors-Serie<\/span><\/li>\n<\/ul>\n<ul>\n<li style=\"font-weight: 400;\"><a href=\"https:\/\/univers6t.wordpress.com\/2017\/11\/02\/le-faible-niveau-des-etudiants\/\"><span style=\"font-weight: 400;\">Le (faible) niveau des \u00e9tudiants<\/span><\/a><span style=\"font-weight: 400;\">, Univers6T<\/span><\/li>\n<li style=\"font-weight: 400;\"><a href=\"https:\/\/blog.francetvinfo.fr\/l-instit-humeurs\/2013\/10\/27\/idee-recue-1-le-niveau-baisse.html\"><span style=\"font-weight: 400;\">Id\u00e9e re\u00e7ue (1) : \u00ab le niveau baisse \u00bb<\/span><\/a><span style=\"font-weight: 400;\">, Lucien Marboeuf <\/span><\/li>\n<li style=\"font-weight: 400;\"><a href=\"https:\/\/www.franceinter.fr\/emissions\/l-edito-eco\/l-edito-eco-06-novembre-2017\"><span style=\"font-weight: 400;\">Ecole 42, un pari r\u00e9ussi<\/span><\/a><span style=\"font-weight: 400;\">, Dominique Seux, France Inter <\/span><\/li>\n<li style=\"font-weight: 400;\"><a href=\"http:\/\/david.monniaux.free.fr\/dotclear\/index.php\/post\/2017\/11\/08\/Au-sujet-de-l-%C3%A9cole-42-et-de-la-publicit%C3%A9-dont-elle-b%C3%A9n%C3%A9ficie\"><span style=\"font-weight: 400;\">Au sujet de l&rsquo;\u00e9cole 42 et de la publicit\u00e9 dont elle b\u00e9n\u00e9ficie<\/span><\/a><span style=\"font-weight: 400;\">, La vie est mal configur\u00e9e<\/span><\/li>\n<li style=\"font-weight: 400;\"><a href=\"https:\/\/www.usinenouvelle.com\/article\/porno-blagues-et-dragues-lourdes-pas-facile-d-etre-une-femme-a-l-ecole-42.N614688\"><span style=\"font-weight: 400;\">Porno, blagues et dragues lourdes&#8230; pas facile d&rsquo;\u00eatre une femme \u00e0 l&rsquo;\u00e9cole 42<\/span><\/a><span style=\"font-weight: 400;\">, usinenouvelle<\/span><\/li>\n<li style=\"font-weight: 400;\"><a href=\"http:\/\/affordance.typepad.com\/mon_weblog\/2016\/05\/pourquoi-je-ne-publierai-plus-dans-des-revues-scientifiques.html\"><span style=\"font-weight: 400;\">Pourquoi je ne publie(rai) plus (jamais) dans des revues scientifiques<\/span><\/a><span style=\"font-weight: 400;\">, affordance<\/span><\/li>\n<li style=\"font-weight: 400;\"><a href=\"http:\/\/www.lemonde.fr\/campus\/article\/2017\/11\/15\/venir-d-un-bac-pro-ne-m-a-pas-empeche-de-reussir-a-l-universite_5215316_4401467.html\"><span style=\"font-weight: 400;\">\u00ab Venir d\u2019un bac pro ne m\u2019a pas emp\u00each\u00e9 de r\u00e9ussir \u00e0 l\u2019universit\u00e9 \u00bb<\/span><\/a><span style=\"font-weight: 400;\">, Le Monde Campus <\/span><\/li>\n<\/ul>\n<h2><b>Insolite<\/b><\/h2>\n<ul>\n<li style=\"font-weight: 400;\"><a href=\"http:\/\/theconversation.com\/les-chats-sont-ils-liquides-ou-comment-jai-obtenu-le-prix-ig-nobel-85199?utm_source=twitter&amp;utm_medium=twitterbutton\"><span style=\"font-weight: 400;\">Les chats sont\u2011ils liquides ou comment j\u2019ai obtenu le prix Ig Nobel<\/span><\/a><span style=\"font-weight: 400;\">, The Conversation<\/span><\/li>\n<li style=\"font-weight: 400;\"><a href=\"http:\/\/www.ledauphine.com\/france-monde\/2017\/10\/19\/le-site-de-rencontres-controverse-richmeetbeautiful-bientot-en-france\"><span>Le site controvers\u00e9 RichMeetBeautiful lance sa campagne en France<\/span><\/a><span>, Ledauphine.com<\/span><\/li>\n<\/ul>\n","protected":false},"excerpt":{"rendered":"<p>Strasbourg \/ Alsace A Strasbourg, des manifestants r\u00e9clament la fermeture du centre de primatologie, Le Monde Commerce de singes de l\u2019Universit\u00e9 de Strasbourg : les responsables s\u2019expliquent, rue89strasbourg Manifestation contre le centre de primatologie, DNA Proc\u00e9dure relations-presse \u00e0 l\u2019Unistra : la place des services communication en question, news tank Universit\u00e9 de Strasbourg : grand vainqueur [&hellip;]<\/p>\n","protected":false},"author":1,"featured_media":0,"comment_status":"open","ping_status":"open","sticky":false,"template":"","format":"standard","meta":{"jetpack_post_was_ever_published":false,"_jetpack_newsletter_access":"","_jetpack_dont_email_post_to_subs":false,"_jetpack_newsletter_tier_id":0,"footnotes":""},"categories":[11],"tags":[],"jetpack_featured_media_url":"","jetpack_sharing_enabled":true,"jetpack_shortlink":"https:\/\/wp.me\/p85Sjy-e8","jetpack_likes_enabled":true,"_links":{"self":[{"href":"https:\/\/alternative2017.eu\/index.php\/wp-json\/wp\/v2\/posts\/876"}],"collection":[{"href":"https:\/\/alternative2017.eu\/index.php\/wp-json\/wp\/v2\/posts"}],"about":[{"href":"https:\/\/alternative2017.eu\/index.php\/wp-json\/wp\/v2\/types\/post"}],"author":[{"embeddable":true,"href":"https:\/\/alternative2017.eu\/index.php\/wp-json\/wp\/v2\/users\/1"}],"replies":[{"embeddable":true,"href":"https:\/\/alternative2017.eu\/index.php\/wp-json\/wp\/v2\/comments?post=876"}],"version-history":[{"count":4,"href":"https:\/\/alternative2017.eu\/index.php\/wp-json\/wp\/v2\/posts\/876\/revisions"}],"predecessor-version":[{"id":880,"href":"https:\/\/alternative2017.eu\/index.php\/wp-json\/wp\/v2\/posts\/876\/revisions\/880"}],"wp:attachment":[{"href":"https:\/\/alternative2017.eu\/index.php\/wp-json\/wp\/v2\/media?parent=876"}],"wp:term":[{"taxonomy":"category","embeddable":true,"href":"https:\/\/alternative2017.eu\/index.php\/wp-json\/wp\/v2\/categories?post=876"},{"taxonomy":"post_tag","embeddable":true,"href":"https:\/\/alternative2017.eu\/index.php\/wp-json\/wp\/v2\/tags?post=876"}],"curies":[{"name":"wp","href":"https:\/\/api.w.org\/{rel}","templated":true}]}}