{"id":881,"date":"2017-12-03T14:20:17","date_gmt":"2017-12-03T13:20:17","guid":{"rendered":"http:\/\/alternative2017.eu\/?p=881"},"modified":"2017-12-10T22:28:14","modified_gmt":"2017-12-10T21:28:14","slug":"revue-de-presse-speciale-selection-2","status":"publish","type":"post","link":"https:\/\/alternative2017.eu\/index.php\/2017\/12\/03\/revue-de-presse-speciale-selection-2\/","title":{"rendered":"Revue de presse sp\u00e9ciale s\u00e9lection (2)"},"content":{"rendered":"<h2><b>Plan \u00e9tudiant<\/b><\/h2>\n<ul>\n<li style=\"font-weight: 400;\"><a href=\"http:\/\/www.letudiant.fr\/educpros\/actualite\/entree-a-l-universite-le-conseil-superieur-de-l-education-se-prononce-contre-le-projet-de-loi.html\"><span style=\"font-weight: 400;\">Entr\u00e9e \u00e0 l&rsquo;universit\u00e9 : le Conseil sup\u00e9rieur de l&rsquo;\u00e9ducation se prononce contre le projet de loi<\/span><\/a><span style=\"font-weight: 400;\">, EducPros<\/span><\/li>\n<li style=\"font-weight: 400;\"><a href=\"http:\/\/www.letudiant.fr\/educpros\/actualite\/le-cneser-vote-en-faveur-du-projet-de-reforme-de-l-entree-a-l-universite.html\"><span style=\"font-weight: 400;\">Le Cneser vote en faveur du projet de loi sur l&rsquo;entr\u00e9e \u00e0 l&rsquo;universit\u00e9<\/span><\/a><span style=\"font-weight: 400;\">, EducPros<\/span><\/li>\n<li style=\"font-weight: 400;\"><a href=\"http:\/\/www.lemonde.fr\/campus\/article\/2017\/11\/16\/apb-des-chercheurs-s-inquietent-du-fonctionnement-de-la-future-plate-forme_5216075_4401467.html\"><span style=\"font-weight: 400;\">APB : des chercheurs s\u2019inqui\u00e8tent du fonctionnement de la future plate-forme<\/span><\/a><span style=\"font-weight: 400;\">, Le Monde Campus <\/span><\/li>\n<li style=\"font-weight: 400;\"><a href=\"http:\/\/ingenuingenieur.blog.lemonde.fr\/2017\/10\/31\/comment-le-nouveau-systeme-apb-risque-daugmenter-considerablement-les-listes-dattente\/\"><span style=\"font-weight: 400;\">Comment le nouveau syst\u00e8me APB risque d\u2019augmenter consid\u00e9rablement les listes d\u2019attente<\/span><\/a><span style=\"font-weight: 400;\">, L&rsquo;ing\u00e9nu-ing\u00e9nieur <\/span><\/li>\n<li style=\"font-weight: 400;\"><a href=\"http:\/\/www.letudiant.fr\/educpros\/actualite\/entree-a-l-universite-une-charte-pour-cadrer-les-attendus.html\"><span style=\"font-weight: 400;\">Entr\u00e9e \u00e0 l&rsquo;universit\u00e9 : une charte pour cadrer les attendus<\/span><\/a><span style=\"font-weight: 400;\">, EducPros<\/span><\/li>\n<li style=\"font-weight: 400;\"><a href=\"http:\/\/www.letudiant.fr\/educpros\/actualite\/le-taux-de-poursuite-des-bacheliers-a-l-universite-est-en-baisse-pour-toutes-les-series-du-baccalaureat.html\"><span style=\"font-weight: 400;\">\u00c0 l&rsquo;universit\u00e9, le taux de poursuite d&rsquo;\u00e9tude des bacheliers est en baisse<\/span><\/a><span style=\"font-weight: 400;\">, EducPros<\/span><\/li>\n<li style=\"font-weight: 400;\"><a href=\"http:\/\/www.courrier-picard.fr\/75311\/article\/2017-12-04\/refonte-des-formations-luniversite-la-colere-gagne-les-personnels\"><span style=\"font-weight: 400;\">Enseignement sup\u00e9rieur : Refonte des formations \u00e0 l\u2019universit\u00e9: la col\u00e8re gagne les personnels<\/span><\/a><span style=\"font-weight: 400;\">, Courrier Picard<\/span><\/li>\n<\/ul>\n<h2><b>Autres r\u00e9formes de l\u2019ESR<\/b><\/h2>\n<ul>\n<li style=\"font-weight: 400;\"><a href=\"http:\/\/www.lemonde.fr\/campus\/article\/2017\/12\/08\/coup-de-canif-a-la-loi-stage_5226945_4401467.html\"><span style=\"font-weight: 400;\">Coup de canif \u00e0 la \u00ab loi stage \u00bb<\/span><\/a><span style=\"font-weight: 400;\">, Le Monde Campus<\/span><\/li>\n<li style=\"font-weight: 400;\"><a href=\"http:\/\/www.letudiant.fr\/educpros\/actualite\/bientot-des-dut-en-trois-ans.html\"><span style=\"font-weight: 400;\">Bient\u00f4t des DUT en trois ans ?<\/span><\/a><span style=\"font-weight: 400;\">, EducPros<\/span><\/li>\n<li style=\"font-weight: 400;\"><a href=\"http:\/\/www.letudiant.fr\/educpros\/enquetes\/universite-vers-la-fin-du-systeme-de-compensation.html\"><span style=\"font-weight: 400;\">Universit\u00e9 : vers la fin du syst\u00e8me de compensation des notes ?<\/span><\/a><span style=\"font-weight: 400;\">, EducPros<\/span><\/li>\n<li style=\"font-weight: 400;\"><a href=\"http:\/\/www.letudiant.fr\/educpros\/actualite\/la-reforme-de-l-apprentissage-sur-les-rails.html\"><span style=\"font-weight: 400;\">La r\u00e9forme de l&rsquo;apprentissage sur les rails<\/span><\/a><span style=\"font-weight: 400;\">, EducPros<\/span><\/li>\n<li style=\"font-weight: 400;\"><a href=\"http:\/\/www.letudiant.fr\/educpros\/entretiens\/la-chambre-paris-ile-de-france-craint-pour-ses-formations.html\"><span style=\"font-weight: 400;\">La Chambre de commerce Paris-\u00cele-de-France craint pour l&rsquo;avenir de ses formations<\/span><\/a><span style=\"font-weight: 400;\">, EducPros<\/span><\/li>\n<li style=\"font-weight: 400;\"><a href=\"http:\/\/www.lemonde.fr\/politique\/article\/2017\/11\/10\/la-concertation-sur-la-reforme-de-l-apprentissage-lancee-dans-un-climat-crispe_5213448_823448.html\"><span style=\"font-weight: 400;\">La concertation sur la r\u00e9forme de l\u2019apprentissage lanc\u00e9e dans un climat crisp\u00e9<\/span><\/a><span style=\"font-weight: 400;\">, Le Monde Politique <\/span><\/li>\n<li style=\"font-weight: 400;\"><a href=\"http:\/\/www.letudiant.fr\/lycee\/lycee-pro-cap\/cap-bac-pro-bts-quelle-reforme-pour-la-voie-professionnelle.html\"><span style=\"font-weight: 400;\">CAP, bac pro, BTS : quelle r\u00e9forme pour la voie professionnelle ?<\/span><\/a><span style=\"font-weight: 400;\">, L&rsquo;Etudiant<\/span><\/li>\n<li style=\"font-weight: 400;\"><a href=\"http:\/\/www.lcp.fr\/afp\/blanquer-veut-redonner-du-sens-au-baccalaureat\"><span style=\"font-weight: 400;\">Blanquer veut \u00ab\u00a0redonner du sens\u00a0\u00bb au baccalaur\u00e9at<\/span><\/a><span style=\"font-weight: 400;\">, LCP<\/span><\/li>\n<li style=\"font-weight: 400;\"><a href=\"http:\/\/www.letudiant.fr\/educpros\/entretiens\/pierre-mathiot.html\"><span style=\"font-weight: 400;\">Pierre Mathiot : \u00ab\u00a0Je n&rsquo;ai pas accept\u00e9 cette mission sur le bac pour faire des ajustements techniques\u00a0\u00bb<\/span><\/a><span style=\"font-weight: 400;\">, EducPros<\/span><\/li>\n<\/ul>\n<h2><b>Budgets<\/b><\/h2>\n<ul>\n<li style=\"font-weight: 400;\"><a href=\"https:\/\/cjc.jeunes-chercheurs.org\/positions\/communique-2017-11-08.pdf\"><span style=\"font-weight: 400;\">Contre l\u2019augmentation de 150 \u20ac des frais d\u2019inscription sans b\u00e9n\u00e9fices pour les doctorant-es<\/span><\/a><span style=\"font-weight: 400;\">, CJC<\/span><\/li>\n<li style=\"font-weight: 400;\"><a href=\"http:\/\/www.letudiant.fr\/educpros\/actualite\/plan-etudiants-un-renfort-de-15-4-millions-d-euros-au-budget-2018.html\"><span style=\"font-weight: 400;\">Plan \u00e9tudiants : une premi\u00e8re enveloppe de 15,4 millions d&rsquo;euros au budget 2018<\/span><\/a><span style=\"font-weight: 400;\">, EducPros<\/span><\/li>\n<li style=\"font-weight: 400;\"><a href=\"https:\/\/histoiresduniversites.wordpress.com\/2017\/12\/02\/plan-etudiants-il-manque-2-milliards\/\"><span style=\"font-weight: 400;\">Plan \u00c9tudiants : il manque 2 Mds\u20ac<\/span><\/a><span style=\"font-weight: 400;\">, Histoires d\u2019universit\u00e9s<\/span><\/li>\n<li style=\"font-weight: 400;\"><a href=\"http:\/\/www.lemonde.fr\/campus\/article\/2017\/11\/30\/concours-enseignants-le-nombre-de-places-au-capes-et-a-l-agregation-en-forte-baisse_5222883_4401467.html\"><span style=\"font-weight: 400;\">Concours enseignants : les places au Capes et \u00e0 l\u2019agr\u00e9gation en forte baisse<\/span><\/a><span style=\"font-weight: 400;\">, Le Monde Campus <\/span><\/li>\n<li style=\"font-weight: 400;\"><a href=\"https:\/\/paulvannier.wordpress.com\/2017\/11\/29\/plan-social-a-leducation-nationale\/\"><span style=\"font-weight: 400;\">Plan social \u00e0 l&rsquo;\u00e9ducation nationale<\/span><\/a><span style=\"font-weight: 400;\"> , Paul Vannier<\/span><\/li>\n<li style=\"font-weight: 400;\"><a href=\"https:\/\/www.theguardian.com\/education\/2017\/dec\/08\/university-students-failed-by-rip-off-fees-says-watchdog\"><span style=\"font-weight: 400;\">University students failed by rip-off fees, says watchdog<\/span><\/a><span style=\"font-weight: 400;\">, The Gardian<\/span><\/li>\n<\/ul>\n<h2><b>Tribunes<\/b><\/h2>\n<ul>\n<li style=\"font-weight: 400;\"><a href=\"https:\/\/rfp.revues.org\/4259\"><span style=\"font-weight: 400;\">L\u2019universit\u00e9 n\u2019est pas en crise. Les transformations de l\u2019enseignement sup\u00e9rieur : enjeux et id\u00e9es re\u00e7ues<\/span><\/a><span style=\"font-weight: 400;\">, Bodin Romuald &amp; Orange Sophie, Revue Fran\u00e7aise de P\u00e9dagogie<\/span><\/li>\n<li style=\"font-weight: 400;\"><a href=\"https:\/\/www.alternatives-economiques.fr\/sophie-orange-plan-etudiants-comporte-risques\/00081691\"><span style=\"font-weight: 400;\">Sophie Orange : \u00ab Le plan \u00e9tudiants comporte des risques \u00bb<\/span><\/a><span style=\"font-weight: 400;\">, Alternatives Economiques<\/span><\/li>\n<li style=\"font-weight: 400;\"><a href=\"http:\/\/www.lautrequotidien.fr\/gratuit\/2017\/11\/27\/la-fin-de-luniversit-savance-masque-trcac\"><span style=\"font-weight: 400;\">La fin de l\u2019universit\u00e9 s\u2019avance masqu\u00e9e<\/span><\/a><span style=\"font-weight: 400;\">, Andr\u00e9 Gunthert<\/span><\/li>\n<li style=\"font-weight: 400;\"><a href=\"https:\/\/histoiresduniversites.wordpress.com\/2017\/11\/24\/parcoursup-la-selection-est-enfin-la\/\"><span style=\"font-weight: 400;\">Acc\u00e8s \u00e0 la L1 : la s\u00e9lection est l\u00e0<\/span><\/a><span style=\"font-weight: 400;\">, Histoires d\u2019universit\u00e9s <\/span><\/li>\n<li style=\"font-weight: 400;\"><a href=\"https:\/\/lesupenmaintenance.blogspot.fr\/2017\/11\/pre-requis-crise-de-luniversite-ou.html\"><span style=\"font-weight: 400;\">Pr\u00e9-requis: crise de l\u2019universit\u00e9 ou crise du BAC ?<\/span><\/a><span style=\"font-weight: 400;\">, Yann Bisiou<\/span><\/li>\n<li style=\"font-weight: 400;\"><a href=\"https:\/\/univers6t.wordpress.com\/2017\/11\/28\/les-attendus-cest-tendu\/\"><span style=\"font-weight: 400;\">Les attendus, c\u2019est tendu<\/span><\/a><span style=\"font-weight: 400;\">, Univers6T<\/span><\/li>\n<li style=\"font-weight: 400;\"><a href=\"http:\/\/www.letudiant.fr\/educpros\/entretiens\/annabelle-allouch-attendus-sont-forme-de-selection-qui-ne-dit-pas-nom.html\"><span style=\"font-weight: 400;\">Annabelle Allouch : \u00ab\u00a0Les attendus sont une forme de s\u00e9lection qui ne dit pas son nom\u00a0\u00bb<\/span><\/a><span style=\"font-weight: 400;\">, EducPros<\/span><\/li>\n<li style=\"font-weight: 400;\"><a href=\"https:\/\/www.alternatives-economiques.fr\/reforme-de-lentree-a-luniversite-ne-fera-quaggraver-in\/00081915\"><span style=\"font-weight: 400;\">La \u00ab r\u00e9forme \u00bb de l\u2019entr\u00e9e \u00e0 l\u2019universit\u00e9 ne fera qu\u2019aggraver les in\u00e9galit\u00e9s<\/span><\/a><span style=\"font-weight: 400;\">, Camille Peugny<\/span><\/li>\n<li style=\"font-weight: 400;\"><a href=\"http:\/\/theconversation.com\/une-grenouille-vit-un-boeuf-qui-lui-sembla-de-belle-taille-ou-comment-ne-pas-moderniser-les-universites-francaises-86743\"><span style=\"font-weight: 400;\">\u00ab Une Grenouille vit un B\u0153uf qui lui sembla de belle taille\u2026 \u00bb, ou comment (ne pas) moderniser les universit\u00e9s<\/span><\/a><span style=\"font-weight: 400;\">, The Conversation<\/span><\/li>\n<li style=\"font-weight: 400;\"><a href=\"https:\/\/youtu.be\/KUMW5bhCsgw\"><span style=\"font-weight: 400;\">S\u00e9lection \u00e0 l&rsquo;universit\u00e9 : coup double pour la bourgeoisie<\/span><\/a><span style=\"font-weight: 400;\">, Usul<\/span><\/li>\n<li style=\"font-weight: 400;\"><a href=\"http:\/\/www.institutmontaigne.org\/blog\/plan-etudiants-un-pas-vers-lexcellence-universitaire-trois-questions-jean-marc-schlenker\"><span style=\"font-weight: 400;\">Plan \u00c9tudiants : un pas vers l&rsquo;excellence universitaire ? Trois questions \u00e0 Jean-Marc Schlenker<\/span><\/a><span style=\"font-weight: 400;\">, Institut Montaigne<\/span><\/li>\n<\/ul>\n<h2><b>Transformations locales<\/b><\/h2>\n<ul>\n<li style=\"font-weight: 400;\"><a href=\"http:\/\/www.publipostage.u-psud.fr\/files\/0fb055d3cbc88350922ec5ba300bb4c8\/MODELE_UNIVERSITE-CIBLE_UPSACLAY.pdf\"><span style=\"font-weight: 400;\">Mod\u00e8le cible d\u2019universit\u00e9 Paris-Saclay<\/span><\/a><\/li>\n<li style=\"font-weight: 400;\"><a href=\"https:\/\/www.lesechos.fr\/politique-societe\/societe\/030611804435-enseignement-superieur-paris-saclay-au-pied-du-mur-2116937.php\"><span style=\"font-weight: 400;\">Enseignement sup\u00e9rieur: Paris-Saclay au pied du mur<\/span><\/a><span style=\"font-weight: 400;\">, LesEchos<\/span><\/li>\n<li style=\"font-weight: 400;\"><a href=\"http:\/\/www.letudiant.fr\/educpros\/actualite\/saclay-le-president-acte-la-separation-en-deux-poles-distincts.html\"><span style=\"font-weight: 400;\">Saclay : Emmanuel Macron acte la s\u00e9paration en deux p\u00f4les distincts<\/span><\/a><span style=\"font-weight: 400;\">, EducPros<\/span><\/li>\n<li style=\"font-weight: 400;\"><a href=\"http:\/\/www.letudiant.fr\/educpros\/actualite\/saclay-l-ecole-polytechnique-sort-de-l-idex-par-le-haut.html\"><span style=\"font-weight: 400;\">Saclay : l&rsquo;\u00c9cole polytechnique sort de l&rsquo;Idex par le haut<\/span><\/a><span style=\"font-weight: 400;\">, EducPros<\/span><\/li>\n<li style=\"font-weight: 400;\"><a href=\"https:\/\/wp.me\/p7tFej-uyj\"><span style=\"font-weight: 400;\">Paris-Sud fait le grand plongeon<\/span><\/a><span style=\"font-weight: 400;\">, Essonne Info<\/span><\/li>\n<li style=\"font-weight: 400;\"><a href=\"http:\/\/www.letudiant.fr\/educpros\/actualite\/ecoles-universitaire-de-recherche-graduate-schools-a-la-francaise.html\"><span style=\"font-weight: 400;\">\u00c9coles universitaires de recherche : des \u00ab\u00a0graduate schools\u00a0\u00bb \u00e0 la fran\u00e7aise<\/span><\/a><span style=\"font-weight: 400;\">, \u00a0EducPros<\/span><\/li>\n<li style=\"font-weight: 400;\"><a href=\"http:\/\/www.lavoixdunord.fr\/277852\/article\/2017-12-03\/la-fac-devient-officiellement-la-premiere-universite-polytechnique-de-france\"><span style=\"font-weight: 400;\">Valenciennes : La fac devient officiellement la premi\u00e8re universit\u00e9 polytechnique de France<\/span><\/a><span style=\"font-weight: 400;\">, lavoixdunord<\/span><\/li>\n<li style=\"font-weight: 400;\"><a href=\"http:\/\/www.letudiant.fr\/educpros\/actualite\/idex-etudiants-et-personnels-de-toulouse-2-disent-non-au-projet-d-universite-integree.html\">Idex : \u00e9tudiants et personnels de Toulouse 2 disent non au projet d&rsquo;universit\u00e9 int\u00e9gr\u00e9e<\/a>, EducPros<\/li>\n<\/ul>\n","protected":false},"excerpt":{"rendered":"<p>Plan \u00e9tudiant Entr\u00e9e \u00e0 l&rsquo;universit\u00e9 : le Conseil sup\u00e9rieur de l&rsquo;\u00e9ducation se prononce contre le projet de loi, EducPros Le Cneser vote en faveur du projet de loi sur l&rsquo;entr\u00e9e \u00e0 l&rsquo;universit\u00e9, EducPros APB : des chercheurs s\u2019inqui\u00e8tent du fonctionnement de la future plate-forme, Le Monde Campus Comment le nouveau syst\u00e8me APB risque d\u2019augmenter consid\u00e9rablement [&hellip;]<\/p>\n","protected":false},"author":1,"featured_media":0,"comment_status":"open","ping_status":"open","sticky":false,"template":"","format":"standard","meta":{"jetpack_post_was_ever_published":false,"_jetpack_newsletter_access":"","_jetpack_dont_email_post_to_subs":false,"_jetpack_newsletter_tier_id":0,"footnotes":""},"categories":[11],"tags":[],"jetpack_featured_media_url":"","jetpack_sharing_enabled":true,"jetpack_shortlink":"https:\/\/wp.me\/p85Sjy-ed","jetpack_likes_enabled":true,"_links":{"self":[{"href":"https:\/\/alternative2017.eu\/index.php\/wp-json\/wp\/v2\/posts\/881"}],"collection":[{"href":"https:\/\/alternative2017.eu\/index.php\/wp-json\/wp\/v2\/posts"}],"about":[{"href":"https:\/\/alternative2017.eu\/index.php\/wp-json\/wp\/v2\/types\/post"}],"author":[{"embeddable":true,"href":"https:\/\/alternative2017.eu\/index.php\/wp-json\/wp\/v2\/users\/1"}],"replies":[{"embeddable":true,"href":"https:\/\/alternative2017.eu\/index.php\/wp-json\/wp\/v2\/comments?post=881"}],"version-history":[{"count":4,"href":"https:\/\/alternative2017.eu\/index.php\/wp-json\/wp\/v2\/posts\/881\/revisions"}],"predecessor-version":[{"id":887,"href":"https:\/\/alternative2017.eu\/index.php\/wp-json\/wp\/v2\/posts\/881\/revisions\/887"}],"wp:attachment":[{"href":"https:\/\/alternative2017.eu\/index.php\/wp-json\/wp\/v2\/media?parent=881"}],"wp:term":[{"taxonomy":"category","embeddable":true,"href":"https:\/\/alternative2017.eu\/index.php\/wp-json\/wp\/v2\/categories?post=881"},{"taxonomy":"post_tag","embeddable":true,"href":"https:\/\/alternative2017.eu\/index.php\/wp-json\/wp\/v2\/tags?post=881"}],"curies":[{"name":"wp","href":"https:\/\/api.w.org\/{rel}","templated":true}]}}