{"id":888,"date":"2017-12-14T19:26:32","date_gmt":"2017-12-14T18:26:32","guid":{"rendered":"http:\/\/alternative2017.eu\/?p=888"},"modified":"2017-12-14T19:26:32","modified_gmt":"2017-12-14T18:26:32","slug":"evolution-des-effectifs-titulaires-dans-les-universites","status":"publish","type":"post","link":"https:\/\/alternative2017.eu\/index.php\/2017\/12\/14\/evolution-des-effectifs-titulaires-dans-les-universites\/","title":{"rendered":"Evolution des effectifs titulaires dans les universit\u00e9s"},"content":{"rendered":"<p>Classement de l&rsquo;aust\u00e9rit\u00e9 universitaire.<br \/>\nCe graphique pr\u00e9sente l&rsquo;\u00e9volution des effectifs titulaires Enseignants et Enseignants-Chercheurs par universit\u00e9 entre 2010 et 2016.<\/p>\n<p>Source : <a href=\"https:\/\/data.enseignementsup-recherche.gouv.fr\/explore\/dataset\/fr-esr-enseignants-titulaires-esr-public-national\/?disjunctive.groupe_cnu&amp;disjunctive.section_cnu&amp;disjunctive.classe_age5\">#DataESR<\/a><\/p>\n<p><iframe loading=\"lazy\" src=\"https:\/\/docs.google.com\/spreadsheets\/d\/e\/2PACX-1vQ62vdpZf09klqUVliCAJGWZwLfhTJxvKlOUvnplIQRXreLV54FM3jtwTp-CY04d0mjD-01i5fFJD6u\/pubchart?oid=1207369426&amp;format=interactive\" width=\"618\" height=\"1033\" frameborder=\"0\" scrolling=\"no\" seamless=\"\"><\/iframe><\/p>\n","protected":false},"excerpt":{"rendered":"<p>Classement de l&rsquo;aust\u00e9rit\u00e9 universitaire. Ce graphique pr\u00e9sente l&rsquo;\u00e9volution des effectifs titulaires Enseignants et Enseignants-Chercheurs par universit\u00e9 entre 2010 et 2016. Source : #DataESR<\/p>\n","protected":false},"author":1,"featured_media":0,"comment_status":"open","ping_status":"open","sticky":false,"template":"","format":"standard","meta":{"jetpack_post_was_ever_published":false,"_jetpack_newsletter_access":"","_jetpack_dont_email_post_to_subs":false,"_jetpack_newsletter_tier_id":0,"footnotes":""},"categories":[12],"tags":[],"jetpack_featured_media_url":"","jetpack_sharing_enabled":true,"jetpack_shortlink":"https:\/\/wp.me\/p85Sjy-ek","jetpack_likes_enabled":true,"_links":{"self":[{"href":"https:\/\/alternative2017.eu\/index.php\/wp-json\/wp\/v2\/posts\/888"}],"collection":[{"href":"https:\/\/alternative2017.eu\/index.php\/wp-json\/wp\/v2\/posts"}],"about":[{"href":"https:\/\/alternative2017.eu\/index.php\/wp-json\/wp\/v2\/types\/post"}],"author":[{"embeddable":true,"href":"https:\/\/alternative2017.eu\/index.php\/wp-json\/wp\/v2\/users\/1"}],"replies":[{"embeddable":true,"href":"https:\/\/alternative2017.eu\/index.php\/wp-json\/wp\/v2\/comments?post=888"}],"version-history":[{"count":5,"href":"https:\/\/alternative2017.eu\/index.php\/wp-json\/wp\/v2\/posts\/888\/revisions"}],"predecessor-version":[{"id":893,"href":"https:\/\/alternative2017.eu\/index.php\/wp-json\/wp\/v2\/posts\/888\/revisions\/893"}],"wp:attachment":[{"href":"https:\/\/alternative2017.eu\/index.php\/wp-json\/wp\/v2\/media?parent=888"}],"wp:term":[{"taxonomy":"category","embeddable":true,"href":"https:\/\/alternative2017.eu\/index.php\/wp-json\/wp\/v2\/categories?post=888"},{"taxonomy":"post_tag","embeddable":true,"href":"https:\/\/alternative2017.eu\/index.php\/wp-json\/wp\/v2\/tags?post=888"}],"curies":[{"name":"wp","href":"https:\/\/api.w.org\/{rel}","templated":true}]}}