{"id":944,"date":"2018-04-10T16:57:24","date_gmt":"2018-04-10T15:57:24","guid":{"rendered":"http:\/\/alternative2017.eu\/?p=944"},"modified":"2018-04-10T16:57:38","modified_gmt":"2018-04-10T15:57:38","slug":"revue-de-presse-speciale-mouvement-social-dans-les-universites","status":"publish","type":"post","link":"https:\/\/alternative2017.eu\/index.php\/2018\/04\/10\/revue-de-presse-speciale-mouvement-social-dans-les-universites\/","title":{"rendered":"Revue de presse sp\u00e9ciale mouvement social dans les universit\u00e9s"},"content":{"rendered":"<h3><b>Universit\u00e9 de Strasbourg<\/b><\/h3>\n<ul>\n<li style=\"font-weight: 400;\"><a href=\"https:\/\/www.rue89strasbourg.com\/palais-universitaire-degradation-fake-news-133424\"><span style=\"font-weight: 400;\">Pas de d\u00e9gradations au Palais U, m\u00eame le doyen de la facult\u00e9 d&rsquo;Histoire le reconna\u00eet<\/span><\/a><\/li>\n<li style=\"font-weight: 400;\"><a href=\"https:\/\/www.dna.fr\/actualite\/2018\/03\/26\/campagne-d-information-des-etudiants-avant-l-ag-de-mercredi\"><span style=\"font-weight: 400;\">Fil Info | Campagne d\u2019information des \u00e9tudiants avant l\u2019AG de mercredi<\/span><\/a><\/li>\n<li style=\"font-weight: 400;\"><a href=\"https:\/\/www.dna.fr\/actualite\/2018\/03\/28\/les-manifestants-etudiants-s-organisent\"><span style=\"font-weight: 400;\">Fil Info | [VIDEO] Plus de 250 manifestants \u00e9tudiants r\u00e9unis en AG au Palais U<\/span><\/a><\/li>\n<li style=\"font-weight: 400;\"><a href=\"https:\/\/www.humanite.fr\/les-etudiants-de-strasbourg-en-appellent-lunite-de-toutes-les-luttes-652896\"><span style=\"font-weight: 400;\">Les \u00e9tudiants de Strasbourg en appellent \u00e0 l\u2019unit\u00e9 de toutes les luttes | L&rsquo;Humanit\u00e9<\/span><\/a><\/li>\n<li style=\"font-weight: 400;\"><a href=\"http:\/\/www.liberation.fr\/france\/2018\/03\/29\/a-strasbourg-courez-bande-de-gauchistes-sinon-on-vous-bute_1639851\"><span style=\"font-weight: 400;\">A Strasbourg, \u00abcourez bande de gauchistes sinon on vous bute\u00bb &#8211; Lib\u00e9ration<\/span><\/a><\/li>\n<li style=\"font-weight: 400;\"><a href=\"https:\/\/www.francetvinfo.fr\/faits-divers\/strasbourg-des-etudiants-disent-avoir-ete-agresses-sur-le-campus-par-des-identitaires_2680068.html\"><span style=\"font-weight: 400;\">Strasbourg : des \u00e9tudiants disent avoir \u00e9t\u00e9 agress\u00e9s sur le campus par des identitaires<\/span><\/a><\/li>\n<li style=\"font-weight: 400;\"><a href=\"https:\/\/npa2009.org\/actualite\/jeunesse\/le-mouvement-etudiant-prend-forme-strasbourg\"><span style=\"font-weight: 400;\">Le mouvement \u00e9tudiant prend forme \u00e0 Strasbourg | NPA<\/span><\/a><\/li>\n<li style=\"font-weight: 400;\"><a href=\"https:\/\/humanite.fr\/strasbourg-lagression-detudiants-relance-la-fermeture-dun-local-dextreme-droite-652948\"><span style=\"font-weight: 400;\">Strasbourg : l\u2019agression d\u2019\u00e9tudiants relance la fermeture d\u2019un local d\u2019extr\u00eame droite | L&rsquo;Humanit\u00e9<\/span><\/a><\/li>\n<li style=\"font-weight: 400;\"><a href=\"https:\/\/www.unistra.fr\/index.php?id=19769&amp;no_cache=1&amp;tx_ttnews%5Btt_news%5D=15924&amp;cHash=fec44af7f118d207c5f073fe6928cfd5\"><span style=\"font-weight: 400;\">Message du pr\u00e9sident de l\u2019Universit\u00e9 de Strasbourg suite aux actes de violences de la nuit sur le campus &#8211; Universit\u00e9 de Strasbourg<\/span><\/a><\/li>\n<li style=\"font-weight: 400;\"><a href=\"https:\/\/www.dna.fr\/actualite\/2018\/04\/05\/un-tag-menacant-le-president-michel-deneken-de-mort\"><span style=\"font-weight: 400;\">A la Une | Un tag mena\u00e7ant le pr\u00e9sident Michel Deneken de mort<\/span><\/a><\/li>\n<li style=\"font-weight: 400;\"><a href=\"https:\/\/www.rue89strasbourg.com\/le-patio-bloque-par-les-etudiants-en-lutte-134376\"><span style=\"font-weight: 400;\">Le Patio bloqu\u00e9 par les \u00e9tudiants en lutte de l&rsquo;universit\u00e9 de Strasbourg<\/span><\/a><\/li>\n<li style=\"font-weight: 400;\"><a href=\"http:\/\/www.lefigaro.fr\/flash-actu\/2018\/04\/09\/97001-20180409FILWWW00079-universite-strasbourg-un-batiment-bloque-par-des-etudiants.php\"><span style=\"font-weight: 400;\">Universit\u00e9 de Strasbourg: un b\u00e2timent bloqu\u00e9<\/span><\/a><\/li>\n<li style=\"font-weight: 400;\"><a href=\"https:\/\/www.francetvinfo.fr\/societe\/education\/parcoursup\/blocages-des-facs-le-president-de-l-universite-de-strasbourg-denonce-la-dictature-d-un-petit-nombre-qui-pretend-liberer-les-gens-qui-sont-ignorants_2698672.html\"><span style=\"font-weight: 400;\">Blocages des facs : le pr\u00e9sident de l&rsquo;universit\u00e9 de Strasbourg d\u00e9nonce \u00ab\u00a0la dictature d&rsquo;un petit nombre qui pr\u00e9tend lib\u00e9rer les gens qui sont ignorants\u00a0\u00bb<\/span><\/a><\/li>\n<li style=\"font-weight: 400;\"><a href=\"https:\/\/twitter.com\/contreblocages\"><span style=\"font-weight: 400;\">Contres les blocages \u00e0 l\u2019universit\u00e9 de Strasbourg (@contreblocages) | Twitter<\/span><\/a><\/li>\n<\/ul>\n<h3><b>National<\/b><\/h3>\n<ul>\n<li style=\"font-weight: 400;\"><a href=\"https:\/\/www.theguardian.com\/world\/2018\/mar\/26\/french-university-protests-threaten-to-spread-after-violence\"><span style=\"font-weight: 400;\">French university protests threaten to spread after violence | World news | The Guardian<\/span><\/a><\/li>\n<li style=\"font-weight: 400;\"><a href=\"https:\/\/reporterre.net\/La-mobilisation-etudiante-se-renforce-malgre-la-repression\"><span style=\"font-weight: 400;\">La mobilisation \u00e9tudiante se renforce malgr\u00e9 la r\u00e9pression<\/span><\/a><\/li>\n<li style=\"font-weight: 400;\"><a href=\"http:\/\/www.lemonde.fr\/campus\/article\/2018\/03\/28\/evacuation-violente-a-la-fac-de-montpellier-des-enseignants-mis-en-cause_5277624_4401467.html?utm_term=Autofeed&amp;utm_campaign=Echobox&amp;utm_medium=Social&amp;utm_source=Twitter#link_time=1522247907\"><span style=\"font-weight: 400;\">Evacuation violente \u00e0 la fac de Montpellier : des enseignants mis en cause<\/span><\/a><\/li>\n<li style=\"font-weight: 400;\"><a href=\"http:\/\/www.laviedesidees.fr\/La-reforme-Macron-de-l-universite.html\"><span style=\"font-weight: 400;\">La r\u00e9forme Macron de l\u2019universit\u00e9 &#8211; La Vie des id\u00e9es<\/span><\/a><\/li>\n<li style=\"font-weight: 400;\"><a href=\"http:\/\/www.letudiant.fr\/educpros\/actualite\/la-mobilisation-etudiante-contre-parcoursup-gagne-du-terrain.html\"><span style=\"font-weight: 400;\">La mobilisation \u00e9tudiante contre Parcoursup gagne du terrain &#8211; Educpros<\/span><\/a><\/li>\n<li style=\"font-weight: 400;\"><a href=\"http:\/\/www.lemonde.fr\/societe\/article\/2018\/03\/30\/dans-plusieurs-universites-la-mobilisation-contre-la-reforme-se-durcit-et-le-climat-se-tend_5278393_3224.html\"><span style=\"font-weight: 400;\">Dans plusieurs universit\u00e9s, la mobilisation contre la r\u00e9forme se durcit et le climat se tend<\/span><\/a><\/li>\n<li style=\"font-weight: 400;\"><a href=\"https:\/\/www.la-croix.com\/Famille\/Education\/situation-demeure-tendue-universites-2018-03-30-1200928091\"><span style=\"font-weight: 400;\">La situation demeure tendue dans les universit\u00e9s &#8211; La Croix<\/span><\/a><\/li>\n<li style=\"font-weight: 400;\"><a href=\"https:\/\/www.amnesty.fr\/liberte-d-expression\/actualites\/droit-de-manifester-en-france\"><span style=\"font-weight: 400;\">France : le droit de manifester menac\u00e9 &#8211; Amnesty International France<\/span><\/a><\/li>\n<li style=\"font-weight: 400;\"><a href=\"https:\/\/reporterre.net\/Les-etudiants-de-toute-la-France-elargissent-la-lutte\"><span style=\"font-weight: 400;\">Les \u00e9tudiants de toute la France \u00e9largissent la lutte<\/span><\/a><\/li>\n<li style=\"font-weight: 400;\"><a href=\"https:\/\/www.estrepublicain.fr\/edition-de-besancon\/2018\/03\/30\/reforme-de-l-universite-je-ne-vois-pas-de-mouvement-d-ampleur\"><span style=\"font-weight: 400;\">Edition de Besan\u00e7on | R\u00e9forme de l\u2019universit\u00e9 : \u00ab Je ne vois pas de mouvement d\u2019ampleur \u00bb<\/span><\/a><\/li>\n<li style=\"font-weight: 400;\"><a href=\"http:\/\/www.leparisien.fr\/politique\/greves-macron-surveille-de-pres-les-universites-03-04-2018-7643025.php\"><span style=\"font-weight: 400;\">Gr\u00e8ves : Macron surveille de pr\u00e8s les universit\u00e9s &#8211; Le Parisien<\/span><\/a><\/li>\n<li style=\"font-weight: 400;\"><a href=\"https:\/\/www.la-croix.com\/Famille\/Education\/A-Montpellier-grogne-gagne-lyceens-2018-04-03-1200928746?from_univers=lacroix\"><span style=\"font-weight: 400;\">\u00c0 Montpellier, la grogne gagne les lyc\u00e9ens &#8211; La Croix<\/span><\/a><\/li>\n<li style=\"font-weight: 400;\"><a href=\"http:\/\/www.sauvonsluniversite.fr\/spip.php?article8184\"><span style=\"font-weight: 400;\">Vous n\u2019\u00eates pas seuls : voici une liste de d\u00e9partements ou d\u2019UFRs ayant d\u00e9cid\u00e9 (&#8230;) &#8211; Sauvons l&rsquo;Universit\u00e9 !<\/span><\/a><\/li>\n<li style=\"font-weight: 400;\"><a href=\"https:\/\/theconversation.com\/reforme-universitaire-les-nostalgiques-du-tirage-au-sort-et-les-defis-de-la-loi-ore-94448?utm_source=twitter&amp;utm_medium=twitterbutton\"><span style=\"font-weight: 400;\">R\u00e9forme universitaire : les nostalgiques du tirage au sort et les d\u00e9fis de la loi ORE<\/span><\/a><\/li>\n<li style=\"font-weight: 400;\"><a href=\"http:\/\/www.liberation.fr\/france\/2018\/04\/05\/parcoursup-les-enseignants-ne-se-voilent-pas-la-fac_1641330\"><span style=\"font-weight: 400;\">Parcoursup : les enseignants ne se voilent pas la fac &#8211; Lib\u00e9ration<\/span><\/a><\/li>\n<li style=\"font-weight: 400;\"><a href=\"https:\/\/www.ouest-france.fr\/politique\/entretien-frederique-vidal-s-il-le-faut-les-examens-auront-lieu-sur-internet-5677674?utm_source=dlvr.it&amp;utm_medium=twitter\"><span style=\"font-weight: 400;\">ENTRETIEN. Fr\u00e9d\u00e9rique Vidal\u2009: \u00ab\u2009S&rsquo;il le faut, les examens auront lieu sur internet \u00bb<\/span><\/a><\/li>\n<li style=\"font-weight: 400;\"><a href=\"https:\/\/www.huffingtonpost.fr\/2018\/04\/07\/universite-bloquee-a-tolbiac-une-milice-dextreme-droite-attaque-des-grevistes-en-pleine-nuit_a_23405310\/\"><span style=\"font-weight: 400;\">Universit\u00e9 bloqu\u00e9e \u00e0 Tolbiac: une \u00ab\u00a0milice d&rsquo;extr\u00eame droite\u00a0\u00bb attaque des gr\u00e9vistes en pleine nuit<\/span><\/a><\/li>\n<li style=\"font-weight: 400;\"><a href=\"http:\/\/www.lemonde.fr\/idees\/article\/2018\/04\/06\/enseignants-a-l-universite-nous-refusons-d-examiner-les-dossiers-des-lyceens_5281872_3232.html\"><span style=\"font-weight: 400;\">\u00ab Enseignants \u00e0 l\u2019universit\u00e9, nous refusons d\u2019examiner les dossiers des lyc\u00e9ens \u00bb<\/span><\/a><\/li>\n<li style=\"font-weight: 400;\"><a href=\"http:\/\/www.sociologuesdusuperieur.org\/article\/parcoursup-et-selection-luniversite-completez-letat-des-lieux-en-ligne\"><span style=\"font-weight: 400;\">Parcoursup et s\u00e9lection \u00e0 l&rsquo;universit\u00e9 &#8230; Compl\u00e9tez l&rsquo;\u00e9tat des lieux en ligne | Ases<\/span><\/a><\/li>\n<li style=\"font-weight: 400;\"><a href=\"http:\/\/www.lemonde.fr\/societe\/article\/2018\/04\/07\/au-lycee-une-application-a-geometrie-variable-de-parcoursup_5282092_3224.html\"><span style=\"font-weight: 400;\">Au lyc\u00e9e, une application \u00e0 g\u00e9om\u00e9trie variable de Parcoursup<\/span><\/a><\/li>\n<li style=\"font-weight: 400;\"><a href=\"http:\/\/www.paris-normandie.fr\/accueil\/les-universites-normandes-face-a-la-tentation-de-la-selection-NE12701840\"><span style=\"font-weight: 400;\">Les universit\u00e9s normandes face \u00e0 la tentation de la s\u00e9lection<\/span><\/a><\/li>\n<li style=\"font-weight: 400;\"><a href=\"http:\/\/rogueesr.fr\/nous\/\"><span style=\"font-weight: 400;\">Nous, universitaires, soutenons et accompagnons les \u00e9tudiants dans leur contestation de la loi Orientation et r\u00e9ussite des \u00e9tudiants (ORE) et de Parcoursup \u2013 RogueESR<\/span><\/a><\/li>\n<li style=\"font-weight: 400;\"><a href=\"https:\/\/www.valeursactuelles.com\/societe\/violences-degradations-et-amphis-bloques-lextreme-gauche-detruit-luniversite-94653\"><span style=\"font-weight: 400;\">Violences, d\u00e9gradations et amphis bloqu\u00e9s : l\u2019extr\u00eame gauche d\u00e9truit l\u2019universit\u00e9 | Valeurs actuelles<\/span><\/a><\/li>\n<li style=\"font-weight: 400;\"><a href=\"https:\/\/www.20minutes.fr\/societe\/2251563-20180409-universites-plupart-calendriers-examens-maintenus-assure-gouvernement\"><span style=\"font-weight: 400;\">Universit\u00e9s: La plupart des calendriers d&rsquo;examens seront maintenus, assure le gouvernement<\/span><\/a><\/li>\n<li style=\"font-weight: 400;\"><a href=\"https:\/\/www.marianne.net\/societe\/notre-boulot-n-est-pas-d-eliminer-des-etudiants-des-profs-organisent-le-boycott-de\"><span style=\"font-weight: 400;\">\u00ab\u00a0Notre boulot n&rsquo;est pas d&rsquo;\u00e9liminer des \u00e9tudiants\u00a0\u00bb : des profs organisent le boycott de Parcoursup<\/span><\/a><\/li>\n<li style=\"font-weight: 400;\"><a href=\"http:\/\/www.parcourssup.eu\/\"><span style=\"font-weight: 400;\">http:\/\/www.parcourssup.eu\/<\/span><\/a><\/li>\n<\/ul>\n","protected":false},"excerpt":{"rendered":"<p>Universit\u00e9 de Strasbourg Pas de d\u00e9gradations au Palais U, m\u00eame le doyen de la facult\u00e9 d&rsquo;Histoire le reconna\u00eet Fil Info | Campagne d\u2019information des \u00e9tudiants avant l\u2019AG de mercredi Fil Info | [VIDEO] Plus de 250 manifestants \u00e9tudiants r\u00e9unis en AG au Palais U Les \u00e9tudiants de Strasbourg en appellent \u00e0 l\u2019unit\u00e9 de toutes les [&hellip;]<\/p>\n","protected":false},"author":1,"featured_media":0,"comment_status":"open","ping_status":"open","sticky":false,"template":"","format":"standard","meta":{"jetpack_post_was_ever_published":false,"_jetpack_newsletter_access":"","_jetpack_dont_email_post_to_subs":false,"_jetpack_newsletter_tier_id":0,"footnotes":""},"categories":[11],"tags":[],"jetpack_featured_media_url":"","jetpack_sharing_enabled":true,"jetpack_shortlink":"https:\/\/wp.me\/p85Sjy-fe","jetpack_likes_enabled":true,"_links":{"self":[{"href":"https:\/\/alternative2017.eu\/index.php\/wp-json\/wp\/v2\/posts\/944"}],"collection":[{"href":"https:\/\/alternative2017.eu\/index.php\/wp-json\/wp\/v2\/posts"}],"about":[{"href":"https:\/\/alternative2017.eu\/index.php\/wp-json\/wp\/v2\/types\/post"}],"author":[{"embeddable":true,"href":"https:\/\/alternative2017.eu\/index.php\/wp-json\/wp\/v2\/users\/1"}],"replies":[{"embeddable":true,"href":"https:\/\/alternative2017.eu\/index.php\/wp-json\/wp\/v2\/comments?post=944"}],"version-history":[{"count":2,"href":"https:\/\/alternative2017.eu\/index.php\/wp-json\/wp\/v2\/posts\/944\/revisions"}],"predecessor-version":[{"id":946,"href":"https:\/\/alternative2017.eu\/index.php\/wp-json\/wp\/v2\/posts\/944\/revisions\/946"}],"wp:attachment":[{"href":"https:\/\/alternative2017.eu\/index.php\/wp-json\/wp\/v2\/media?parent=944"}],"wp:term":[{"taxonomy":"category","embeddable":true,"href":"https:\/\/alternative2017.eu\/index.php\/wp-json\/wp\/v2\/categories?post=944"},{"taxonomy":"post_tag","embeddable":true,"href":"https:\/\/alternative2017.eu\/index.php\/wp-json\/wp\/v2\/tags?post=944"}],"curies":[{"name":"wp","href":"https:\/\/api.w.org\/{rel}","templated":true}]}}